{"id":138680,"date":"2025-08-18T05:32:45","date_gmt":"2025-08-18T11:32:45","guid":{"rendered":"https:\/\/diariodigitalmx.com\/?p=138680"},"modified":"2025-08-18T06:15:59","modified_gmt":"2025-08-18T12:15:59","slug":"chedraui-candidatura-inviable","status":"publish","type":"post","link":"https:\/\/diariodigitalmx.com\/index.php\/2025\/08\/18\/chedraui-candidatura-inviable\/","title":{"rendered":"Chedraui, candidatura inviable"},"content":{"rendered":"\n<p>Por Manuel CARMONA<\/p>\n\n\n\n<p>Pese a que la dirigente nacional de Morena Luis Mar\u00eda Alcalde vino a Puebla la semana pasada a generar revuelo, al darle luz verde a las aspiraciones del Presidente Municipal de la ciudad de Puebla Jos\u00e9 Chedraui Budib, pecan de ingenuos aquellos&nbsp; que ya lo han puesto nuevamente a la cabeza de las preferencias y que ya casi festinan por anticipado su segundo periodo.<\/p>\n\n\n\n<p>Estos opin\u00f3logos, alentados desde luego por el propio Chedraui confunden por completo, algunos conceptos como: posibilidad y probabilidad.<\/p>\n\n\n\n<p>POSIBILIDAD.- Es una circunstancia que tiene un evento para que ocurra o no, es un concepto CUALITATIVO, est\u00e1 basada en hip\u00f3tesis, conjeturas y supuestos, pero solo existe si la probabilidad de que ocurra es mayor a cero. Si la probabilidad es igual a cero, ya no podemos hablar de posibilidad alguna.<\/p>\n\n\n\n<p>PROBABILIDAD.- Cuando hay razones para pensar, (pruebas, datos) que un evento va a ocurrir, es un concepto CUANTITATIVO, que se puede expresar en t\u00e9rminos de porcentajes o en valores que se puede representar de 0 a 100.<\/p>\n\n\n\n<p>Ahora bien, si analizamos las circunstancias particulares de quien gobierna la ciudad actualmente y nos preguntamos si es posible, que vuelva a ser candidato a la Presidencia Municipal,&nbsp; se puede responder que S\u00cd ES POSIBLE.<\/p>\n\n\n\n<p>Ya le vino a dar alas la propia dirigente nacional de Morena, pese a que en el s\u00e9ptimo congreso nacional extraordinario del partido se acord\u00f3 que en los procesos internos para el 2027 ya se aplicar\u00edan las restricciones entorno a la no reelecci\u00f3n y el nepotismo electoral, pero no ser\u00eda raro, ni la primera vez&nbsp; que se hiciera una interpretaci\u00f3n a modo y conveniencia para poder violar las reglas que ellos mismos emiten.<\/p>\n\n\n\n<p>Ahora hay que preguntarse si ES PROBABLE que pueda ser candidato de Morena a la Presidencia Municipal? La respuesta es que NO.<\/p>\n\n\n\n<p>No es nada probable y hay 4 factores ajenos a su voluntad de suma relevancia que indican que no lo ser\u00e1 y un factor m\u00e1s que se encuentra en el \u00e1mbito de su competencia, pero no ha dado se\u00f1ales que pueda revertirlo en su favor a casi un a\u00f1o de haber asumido la Alcald\u00eda.<\/p>\n\n\n\n<p>1.- El gobernador Alejandro Armenta no lo va a permitir. Durante los \u00faltimos 8 meses el titular del Poder Ejecutivo&nbsp; ha dado muestras p\u00fablicas e inobjetables de que Pepe Chedraui no est\u00e1 en su \u00e1nimo. Los rega\u00f1os y exhibiciones han sido demasiado frecuentes para no darse cuenta. Aunado a lo anterior tambi\u00e9n&nbsp; sabemos que&nbsp; todo Gobernador y \u00e9l no pod\u00eda ser la excepci\u00f3n, trae su propio juego y su propio proyecto pol\u00edtico y&nbsp; es del dominio p\u00fablico las cartas con las que ya empez\u00f3 a jugar. Sin entrar en m\u00e1s detalles por el momento al ser la m\u00e1xima autoridad pol\u00edtica en el estado, las reglas del poder no escritas establecen que el Gobernador en turno, cuando las decisiones salen de su control,&nbsp; le queda el derecho de veto, por eso resulta ALTAMENTE IMPROBABLE que el actual Alcalde pueda ser candidato a la reelecci\u00f3n.<\/p>\n\n\n\n<p>&nbsp;2.- No hay que perder de vista a ciertos actores nacionales con el manifiesto inter\u00e9s de hacer vida pol\u00edtica en Puebla, que podr\u00edamos denominar como el EFECTO SALOMON. Es decir tanto el ex gobernador Sergio Salom\u00f3n como la actual Directora de la Loter\u00eda Nacional Olivia Salom\u00f3n, tienen el v\u00ednculo directo con la Presidenta de la Rep\u00fablica Claudia Sheimbaun como para que en el momento indicado levantar la mano y pedir la candidatura cualquiera de los dos, sabedores de la importancia del centro en el tablero pol\u00edtico de un estado, la Alcald\u00eda de la capital es un posici\u00f3n estrat\u00e9gica, para quien la sabe jugar, para el que no sabe, es un desperdicio.<\/p>\n\n\n\n<p>3.- Los puros de MORENA, si bien es cierto que terminar\u00e1n por alinearse como aprendieron a hacerlo muy bien para estar en condiciones de negociar posiciones y seguir dentro de la jugada estirar\u00e1n la liga lo m\u00e1s que puedan y se espera que haya fuertes presiones de aspirantes como Rodrigo Abdala, Claudia Rivera, Gabriel Biestro,&nbsp; Alejandro Carvajal, para conformar inicialmente un bloque de RESISTENCIA. Al final terminar\u00e1n por hacerse a un lado pero no para hacer campa\u00f1a en favor de un ex pri\u00edsta que gobierna con panistas y morenovallistas, por lo que tambi\u00e9n LO VETARAN, a manera de condici\u00f3n para allanarle el camino a quien resulte el candidato oficialmente.<\/p>\n\n\n\n<p>4.- El hecho fortuito, consistente en cualquier evento que pudiera surgir en los pr\u00f3ximos 18 meses, entre otros, que haya cambio de indicaciones y se le haga efectiva la restricci\u00f3n anunciada hace unos meses por la propia dirigencia de Morena entorno a la no reelecci\u00f3n. No hay que olvidar que ya se ha normalizado en ese partido el EFECTO CHIMORTRUFIA, as\u00ed como dicen un d\u00eda una cosa, al otro d\u00eda dicen otra.<\/p>\n\n\n\n<p>5.- La propia incompetencia del Alcalde que ha sido notoriamente manifiesta y en la que no tienen nada que ver sus opositores, detractores, hates o como le quieran llamar. Seguramente al igual que muchos que le antecedieron en tal responsabilidad ha intentado poner su mejor esfuerzo, pero no ha sido suficiente, los rubros de seguridad p\u00fablica en el municipio y el deplorable estado del pavimento en las calles son los focos rojos desde el inicio de su administraci\u00f3n en los que no se ha visto avance alguno, por lo que este factor totalmente imputable a Chedraui y a su equipo, ser\u00e1 el obst\u00e1culo m\u00e1s dif\u00edcil de remontar.<\/p>\n\n\n\n<p>Para cualquier ciudadano poblano elegido al azar, lo sabe y lo dice fuerte y quedito que PEPE NO HA PODIDO CON EL PAQUETE\u2026<\/p>\n\n\n\n<p>* El autor es abogado, escritor y analista pol\u00edtico.<\/p>\n","protected":false},"excerpt":{"rendered":"<p>Por Manuel CARMONA Pese a que la dirigente nacional de Morena Luis Mar\u00eda Alcalde vino a Puebla la semana pasada a generar revuelo, al darle luz verde a las aspiraciones del Presidente Municipal de la ciudad de Puebla Jos\u00e9 Chedraui Budib, pecan de ingenuos aquellos&nbsp; que ya lo han puesto nuevamente a la cabeza de [&hellip;]<\/p>\n","protected":false},"author":1,"featured_media":138702,"comment_status":"open","ping_status":"open","sticky":false,"template":"","format":"standard","meta":{"footnotes":""},"categories":[12],"tags":[],"_links":{"self":[{"href":"https:\/\/diariodigitalmx.com\/index.php\/wp-json\/wp\/v2\/posts\/138680"}],"collection":[{"href":"https:\/\/diariodigitalmx.com\/index.php\/wp-json\/wp\/v2\/posts"}],"about":[{"href":"https:\/\/diariodigitalmx.com\/index.php\/wp-json\/wp\/v2\/types\/post"}],"author":[{"embeddable":true,"href":"https:\/\/diariodigitalmx.com\/index.php\/wp-json\/wp\/v2\/users\/1"}],"replies":[{"embeddable":true,"href":"https:\/\/diariodigitalmx.com\/index.php\/wp-json\/wp\/v2\/comments?post=138680"}],"version-history":[{"count":1,"href":"https:\/\/diariodigitalmx.com\/index.php\/wp-json\/wp\/v2\/posts\/138680\/revisions"}],"predecessor-version":[{"id":138681,"href":"https:\/\/diariodigitalmx.com\/index.php\/wp-json\/wp\/v2\/posts\/138680\/revisions\/138681"}],"wp:featuredmedia":[{"embeddable":true,"href":"https:\/\/diariodigitalmx.com\/index.php\/wp-json\/wp\/v2\/media\/138702"}],"wp:attachment":[{"href":"https:\/\/diariodigitalmx.com\/index.php\/wp-json\/wp\/v2\/media?parent=138680"}],"wp:term":[{"taxonomy":"category","embeddable":true,"href":"https:\/\/diariodigitalmx.com\/index.php\/wp-json\/wp\/v2\/categories?post=138680"},{"taxonomy":"post_tag","embeddable":true,"href":"https:\/\/diariodigitalmx.com\/index.php\/wp-json\/wp\/v2\/tags?post=138680"}],"curies":[{"name":"wp","href":"https:\/\/api.w.org\/{rel}","templated":true}]}}