{"id":138712,"date":"2025-08-18T12:14:32","date_gmt":"2025-08-18T18:14:32","guid":{"rendered":"https:\/\/diariodigitalmx.com\/?p=138712"},"modified":"2025-08-18T12:37:28","modified_gmt":"2025-08-18T18:37:28","slug":"se-declararia-culpable-mayo-zambada","status":"publish","type":"post","link":"https:\/\/diariodigitalmx.com\/index.php\/2025\/08\/18\/se-declararia-culpable-mayo-zambada\/","title":{"rendered":"Se declarar\u00e1 culpable &#8220;Mayo&#8221; Zambada"},"content":{"rendered":"\n<p>Ismael \u201cMayo\u201d Zambada, ha previsto declararse culpable de varios delitos en una audiencia programada para el pr\u00f3ximo 25 de agosto en Nueva York, por lo que, de esta manera, ya no ir\u00e1 a juicio.<\/p>\n\n\n\n<p>A principios de este mes la Fiscal\u00eda descart\u00f3 la `pena de muerte para el narcotraficante mexicano que, con el acuerdo, ya no tendr\u00e1 juicio. \u201cLa vista preliminar del 25 de agosto de 2025 se convierte en una vista para cambio de declaraci\u00f3n\u201d, se\u00f1ala la orden del juez Brian Cogan, instructor de la causa.<\/p>\n\n\n\n<p>El l\u00edder del Cartel de Sinaloa fue detenido el 25 de julio de 2024 en territorio estadounidense tras llegar en un avi\u00f3n en compa\u00f1\u00eda de Joaqu\u00edn Guzm\u00e1n L\u00f3pez, hijo de su socio Joaqu\u00edn \u201cChapo\u201d Guzm\u00e1n.<\/p>\n\n\n\n<p>El pasado 14 de septiembre, Zambada, de 77 a\u00f1os, se declar\u00f3 no culpable de los 17 cargos de los que le acusa la justicia estadounidense, entre ellos asesinato y tr\u00e1fico de armas y drogas, en particular el fentanilo.<\/p>\n\n\n\n<p>Con estos acuerdos Zambada podr\u00eda tener una condena m\u00e1s liviana que la de El Chapo, que es perpetua en una c\u00e1rcel de Estados Unidos.<\/p>\n","protected":false},"excerpt":{"rendered":"<p>Ismael \u201cMayo\u201d Zambada, ha previsto declararse culpable de varios delitos en una audiencia programada para el pr\u00f3ximo 25 de agosto en Nueva York, por lo que, de esta manera, ya no ir\u00e1 a juicio. A principios de este mes la Fiscal\u00eda descart\u00f3 la `pena de muerte para el narcotraficante mexicano que, con el acuerdo, ya [&hellip;]<\/p>\n","protected":false},"author":1,"featured_media":138721,"comment_status":"open","ping_status":"open","sticky":false,"template":"","format":"standard","meta":{"footnotes":""},"categories":[4,3],"tags":[],"_links":{"self":[{"href":"https:\/\/diariodigitalmx.com\/index.php\/wp-json\/wp\/v2\/posts\/138712"}],"collection":[{"href":"https:\/\/diariodigitalmx.com\/index.php\/wp-json\/wp\/v2\/posts"}],"about":[{"href":"https:\/\/diariodigitalmx.com\/index.php\/wp-json\/wp\/v2\/types\/post"}],"author":[{"embeddable":true,"href":"https:\/\/diariodigitalmx.com\/index.php\/wp-json\/wp\/v2\/users\/1"}],"replies":[{"embeddable":true,"href":"https:\/\/diariodigitalmx.com\/index.php\/wp-json\/wp\/v2\/comments?post=138712"}],"version-history":[{"count":2,"href":"https:\/\/diariodigitalmx.com\/index.php\/wp-json\/wp\/v2\/posts\/138712\/revisions"}],"predecessor-version":[{"id":138720,"href":"https:\/\/diariodigitalmx.com\/index.php\/wp-json\/wp\/v2\/posts\/138712\/revisions\/138720"}],"wp:featuredmedia":[{"embeddable":true,"href":"https:\/\/diariodigitalmx.com\/index.php\/wp-json\/wp\/v2\/media\/138721"}],"wp:attachment":[{"href":"https:\/\/diariodigitalmx.com\/index.php\/wp-json\/wp\/v2\/media?parent=138712"}],"wp:term":[{"taxonomy":"category","embeddable":true,"href":"https:\/\/diariodigitalmx.com\/index.php\/wp-json\/wp\/v2\/categories?post=138712"},{"taxonomy":"post_tag","embeddable":true,"href":"https:\/\/diariodigitalmx.com\/index.php\/wp-json\/wp\/v2\/tags?post=138712"}],"curies":[{"name":"wp","href":"https:\/\/api.w.org\/{rel}","templated":true}]}}