{"id":138793,"date":"2025-08-20T19:15:44","date_gmt":"2025-08-21T01:15:44","guid":{"rendered":"https:\/\/diariodigitalmx.com\/?p=138793"},"modified":"2025-08-20T19:18:56","modified_gmt":"2025-08-21T01:18:56","slug":"subasta-escobedo-mas-de-4-mil-vacantes-laborales-en-el-chambaton-vo-8","status":"publish","type":"post","link":"https:\/\/diariodigitalmx.com\/index.php\/2025\/08\/20\/subasta-escobedo-mas-de-4-mil-vacantes-laborales-en-el-chambaton-vo-8\/","title":{"rendered":"Subasta Escobedo m\u00e1s de 4 mil vacantes laborales en el &#8220;Chambat\u00f3n&#8221; Vo. 8"},"content":{"rendered":"\n<p>Con gran participaci\u00f3n ciudadana, el Gobierno de Escobedo realiz\u00f3 la octava edici\u00f3n del \u201cChambat\u00f3n\u201d, feria del empleo que reuni\u00f3 a m\u00e1s de 80 empresas y ofreci\u00f3 m\u00e1s de 4 mil vacantes laborales.<br>El evento se llev\u00f3 a cabo en un centro social de la Colonia Joyas de An\u00e1huac, donde cientos de personas acudieron en busca de una oportunidad cercana a su hogar y con condiciones que les permitan<br>mejorar su calidad de vida.<br>Durante la feria laboral se cont\u00f3 con la presencia de Felipe Canales, Secretario del Ayuntamiento Y C\u00e9sar Leija, Secretario de Desarrollo Econ\u00f3mico y Turismo, quienes destacaron la importancia de generar condiciones para que la inversi\u00f3n y el crecimiento econ\u00f3mico se traduzcan en bienestar para las familias.<\/p>\n\n\n\n<figure class=\"wp-block-image size-large\"><img loading=\"lazy\" decoding=\"async\" width=\"1024\" height=\"683\" src=\"https:\/\/diariodigitalmx.com\/wp-content\/uploads\/2025\/08\/UAV6852-1024x683.jpg\" alt=\"\" class=\"wp-image-138797\" srcset=\"https:\/\/diariodigitalmx.com\/wp-content\/uploads\/2025\/08\/UAV6852-1024x683.jpg 1024w, https:\/\/diariodigitalmx.com\/wp-content\/uploads\/2025\/08\/UAV6852-300x200.jpg 300w, https:\/\/diariodigitalmx.com\/wp-content\/uploads\/2025\/08\/UAV6852-768x512.jpg 768w, https:\/\/diariodigitalmx.com\/wp-content\/uploads\/2025\/08\/UAV6852-1536x1024.jpg 1536w, https:\/\/diariodigitalmx.com\/wp-content\/uploads\/2025\/08\/UAV6852-2048x1365.jpg 2048w\" sizes=\"(max-width: 1024px) 100vw, 1024px\" \/><\/figure>\n\n\n\n<p>El \u201cChambat\u00f3n Vol. 8\u201d ofreci\u00f3 opciones para distintos perfiles, desde profesionistas y t\u00e9cnicos hasta personal operativo. Entre las vacantes destacaron puestos como auxiliares generales, contadores, secretarias, mec\u00e1nicos y operarios, lo que refleja la diversificaci\u00f3n productiva de Escobedo y su consolidaci\u00f3n como un nuevo polo de dinamismo econ\u00f3mico en la zona metropolitana.<br>Adem\u00e1s de la amplia oferta de empleos, los asistentes disfrutaron de un ambiente festivo con m\u00fasica, din\u00e1micas y las ya conocidas \u201csubastas de empleo\u201d, en las que las empresas seleccionaban directamente a los candidatos que cumpl\u00edan con los perfiles requeridos.<br>Este esfuerzo forma parte del modelo de la 4T Norte\u00f1a, que impulsa la generaci\u00f3n de oportunidades, comparte prosperidad y fortalece el tejido social a trav\u00e9s de la inclusi\u00f3n laboral y el desarrollo econ\u00f3mico.<\/p>\n\n\n\n<figure class=\"wp-block-image size-large\"><img loading=\"lazy\" decoding=\"async\" width=\"1024\" height=\"683\" src=\"https:\/\/diariodigitalmx.com\/wp-content\/uploads\/2025\/08\/UAV6817-1024x683.jpg\" alt=\"\" class=\"wp-image-138798\" srcset=\"https:\/\/diariodigitalmx.com\/wp-content\/uploads\/2025\/08\/UAV6817-1024x683.jpg 1024w, https:\/\/diariodigitalmx.com\/wp-content\/uploads\/2025\/08\/UAV6817-300x200.jpg 300w, https:\/\/diariodigitalmx.com\/wp-content\/uploads\/2025\/08\/UAV6817-768x512.jpg 768w, https:\/\/diariodigitalmx.com\/wp-content\/uploads\/2025\/08\/UAV6817-1536x1024.jpg 1536w, https:\/\/diariodigitalmx.com\/wp-content\/uploads\/2025\/08\/UAV6817-2048x1365.jpg 2048w\" sizes=\"(max-width: 1024px) 100vw, 1024px\" \/><\/figure>\n\n\n\n<p>Durante cinco horas consecutivas, bajo el lema \u201cAqu\u00ed jalas por qu\u00e9 jalas\u201d, los ciudadanos tuvieron la oportunidad de encontrar el trabajo ideal y acceder a un espacio que impulsa el crecimiento cerca de su comunidad y familia.<br>Con acciones como esta, Escobedo reafirma su compromiso de acercar empleos a la poblaci\u00f3n y consolidar una estrategia que impulsa tanto el bienestar social como la competitividad econ\u00f3mica del municipio.<\/p>\n","protected":false},"excerpt":{"rendered":"<p>Con gran participaci\u00f3n ciudadana, el Gobierno de Escobedo realiz\u00f3 la octava edici\u00f3n del \u201cChambat\u00f3n\u201d, feria del empleo que reuni\u00f3 a m\u00e1s de 80 empresas y ofreci\u00f3 m\u00e1s de 4 mil vacantes laborales.El evento se llev\u00f3 a cabo en un centro social de la Colonia Joyas de An\u00e1huac, donde cientos de personas acudieron en busca de [&hellip;]<\/p>\n","protected":false},"author":1,"featured_media":138795,"comment_status":"open","ping_status":"open","sticky":false,"template":"","format":"standard","meta":{"footnotes":""},"categories":[6],"tags":[],"_links":{"self":[{"href":"https:\/\/diariodigitalmx.com\/index.php\/wp-json\/wp\/v2\/posts\/138793"}],"collection":[{"href":"https:\/\/diariodigitalmx.com\/index.php\/wp-json\/wp\/v2\/posts"}],"about":[{"href":"https:\/\/diariodigitalmx.com\/index.php\/wp-json\/wp\/v2\/types\/post"}],"author":[{"embeddable":true,"href":"https:\/\/diariodigitalmx.com\/index.php\/wp-json\/wp\/v2\/users\/1"}],"replies":[{"embeddable":true,"href":"https:\/\/diariodigitalmx.com\/index.php\/wp-json\/wp\/v2\/comments?post=138793"}],"version-history":[{"count":2,"href":"https:\/\/diariodigitalmx.com\/index.php\/wp-json\/wp\/v2\/posts\/138793\/revisions"}],"predecessor-version":[{"id":138799,"href":"https:\/\/diariodigitalmx.com\/index.php\/wp-json\/wp\/v2\/posts\/138793\/revisions\/138799"}],"wp:featuredmedia":[{"embeddable":true,"href":"https:\/\/diariodigitalmx.com\/index.php\/wp-json\/wp\/v2\/media\/138795"}],"wp:attachment":[{"href":"https:\/\/diariodigitalmx.com\/index.php\/wp-json\/wp\/v2\/media?parent=138793"}],"wp:term":[{"taxonomy":"category","embeddable":true,"href":"https:\/\/diariodigitalmx.com\/index.php\/wp-json\/wp\/v2\/categories?post=138793"},{"taxonomy":"post_tag","embeddable":true,"href":"https:\/\/diariodigitalmx.com\/index.php\/wp-json\/wp\/v2\/tags?post=138793"}],"curies":[{"name":"wp","href":"https:\/\/api.w.org\/{rel}","templated":true}]}}