{"id":138853,"date":"2025-08-22T05:54:36","date_gmt":"2025-08-22T11:54:36","guid":{"rendered":"https:\/\/diariodigitalmx.com\/?p=138853"},"modified":"2025-08-22T05:58:55","modified_gmt":"2025-08-22T11:58:55","slug":"reflexionemos-sobre-la-politica","status":"publish","type":"post","link":"https:\/\/diariodigitalmx.com\/index.php\/2025\/08\/22\/reflexionemos-sobre-la-politica\/","title":{"rendered":"Reflexionemos sobre la pol\u00edtica"},"content":{"rendered":"\n<p>Luz Mar\u00eda Ortiz Quintos<\/p>\n\n\n\n<p>Se trata de la construcci\u00f3n del bien com\u00fan, del ejercicio del servicio, y de la participaci\u00f3n consciente en los procesos de toma de decisiones que configuran sociedades justas, ordenadas y pac\u00edficas.<\/p>\n\n\n\n<p>El verdadero liderazgo pol\u00edtico se eval\u00faa por la calidad de vida, tanto moral como material, de la ciudadan\u00eda.<\/p>\n\n\n\n<p>La historia demuestra que, cuando la pol\u00edtica se desvincula de la virtud, degenera en tiran\u00eda o desorden. En cambio, cuando se sustenta en la verdad y en la b\u00fasqueda del bien com\u00fan, se convierte en una herramienta de civilizaci\u00f3n y progreso.<\/p>\n\n\n\n<p>En este sentido, el ciudadano no puede adoptar un rol pasivo; le corresponde ser un agente activo en la construcci\u00f3n democr\u00e1tica. Guardar silencio ante la corrupci\u00f3n o la falsedad equivale a consentir su expansi\u00f3n. Del mismo modo, ejercer el voto sin discernimiento es comparable a entregar el resguardo del hogar a un desconocido, con la expectativa infundada de que lo proteger\u00e1.<\/p>\n\n\n\n<p>La praxis pol\u00edtica exige madurez: la capacidad de anteponer el bienestar de las generaciones futuras al inter\u00e9s inmediato. Olvidar que la autoridad debe ejercerse como un servicio, y que el poder no es un derecho absoluto sino un encargo temporal, implica una traici\u00f3n al principio \u00e9tico de la vida p\u00fablica.<\/p>\n\n\n\n<p>Finalmente, tanto el pol\u00edtico como el ciudadano son corresponsables ante su conciencia y, para quienes profesan una fe, ante Dios por el uso que hacen de su influencia y su palabra.<\/p>\n\n\n\n<p>Gobernar de manera injusta es una falta grave; pero permitirlo, sin ejercer una resistencia \u00e9tica y c\u00edvica, constituye una omisi\u00f3n de igual relevancia.<\/p>\n","protected":false},"excerpt":{"rendered":"<p>Luz Mar\u00eda Ortiz Quintos Se trata de la construcci\u00f3n del bien com\u00fan, del ejercicio del servicio, y de la participaci\u00f3n consciente en los procesos de toma de decisiones que configuran sociedades justas, ordenadas y pac\u00edficas. El verdadero liderazgo pol\u00edtico se eval\u00faa por la calidad de vida, tanto moral como material, de la ciudadan\u00eda. La historia [&hellip;]<\/p>\n","protected":false},"author":1,"featured_media":138650,"comment_status":"open","ping_status":"open","sticky":false,"template":"","format":"standard","meta":{"footnotes":""},"categories":[12],"tags":[],"_links":{"self":[{"href":"https:\/\/diariodigitalmx.com\/index.php\/wp-json\/wp\/v2\/posts\/138853"}],"collection":[{"href":"https:\/\/diariodigitalmx.com\/index.php\/wp-json\/wp\/v2\/posts"}],"about":[{"href":"https:\/\/diariodigitalmx.com\/index.php\/wp-json\/wp\/v2\/types\/post"}],"author":[{"embeddable":true,"href":"https:\/\/diariodigitalmx.com\/index.php\/wp-json\/wp\/v2\/users\/1"}],"replies":[{"embeddable":true,"href":"https:\/\/diariodigitalmx.com\/index.php\/wp-json\/wp\/v2\/comments?post=138853"}],"version-history":[{"count":1,"href":"https:\/\/diariodigitalmx.com\/index.php\/wp-json\/wp\/v2\/posts\/138853\/revisions"}],"predecessor-version":[{"id":138854,"href":"https:\/\/diariodigitalmx.com\/index.php\/wp-json\/wp\/v2\/posts\/138853\/revisions\/138854"}],"wp:featuredmedia":[{"embeddable":true,"href":"https:\/\/diariodigitalmx.com\/index.php\/wp-json\/wp\/v2\/media\/138650"}],"wp:attachment":[{"href":"https:\/\/diariodigitalmx.com\/index.php\/wp-json\/wp\/v2\/media?parent=138853"}],"wp:term":[{"taxonomy":"category","embeddable":true,"href":"https:\/\/diariodigitalmx.com\/index.php\/wp-json\/wp\/v2\/categories?post=138853"},{"taxonomy":"post_tag","embeddable":true,"href":"https:\/\/diariodigitalmx.com\/index.php\/wp-json\/wp\/v2\/tags?post=138853"}],"curies":[{"name":"wp","href":"https:\/\/api.w.org\/{rel}","templated":true}]}}