{"id":138885,"date":"2025-08-24T22:48:09","date_gmt":"2025-08-25T04:48:09","guid":{"rendered":"https:\/\/diariodigitalmx.com\/?p=138885"},"modified":"2025-08-24T23:05:55","modified_gmt":"2025-08-25T05:05:55","slug":"ofrece-monterrey-primer-regio-fest-para-las-juventudes-de-la-ciudad","status":"publish","type":"post","link":"https:\/\/diariodigitalmx.com\/index.php\/2025\/08\/24\/ofrece-monterrey-primer-regio-fest-para-las-juventudes-de-la-ciudad\/","title":{"rendered":"Ofrece Monterrey primer Regio Fest para las juventudes de la ciudad"},"content":{"rendered":"\n<figure class=\"wp-block-image size-large\"><img loading=\"lazy\" decoding=\"async\" width=\"1024\" height=\"683\" src=\"https:\/\/diariodigitalmx.com\/wp-content\/uploads\/2025\/08\/REGIO-FEST-2-1024x683.jpg\" alt=\"\" class=\"wp-image-138896\" srcset=\"https:\/\/diariodigitalmx.com\/wp-content\/uploads\/2025\/08\/REGIO-FEST-2-1024x683.jpg 1024w, https:\/\/diariodigitalmx.com\/wp-content\/uploads\/2025\/08\/REGIO-FEST-2-300x200.jpg 300w, https:\/\/diariodigitalmx.com\/wp-content\/uploads\/2025\/08\/REGIO-FEST-2-768x512.jpg 768w, https:\/\/diariodigitalmx.com\/wp-content\/uploads\/2025\/08\/REGIO-FEST-2-1536x1024.jpg 1536w, https:\/\/diariodigitalmx.com\/wp-content\/uploads\/2025\/08\/REGIO-FEST-2-2048x1365.jpg 2048w\" sizes=\"(max-width: 1024px) 100vw, 1024px\" \/><\/figure>\n\n\n\n<p>Cerca de tres mil j\u00f3venes se dieron cita este domingo en el primer \u201cRegio Fest\u201d organizado por el Gobierno de Monterrey a trav\u00e9s del Instituto de la Juventud Regia (Injure).<\/p>\n\n\n\n<p>Los asistentes disfrutaron de un festival de m\u00fasica, presentaci\u00f3n de comediantes y hasta rifas, con el fin de promover la convivencia entre la poblaci\u00f3n de 12 a 29 a\u00f1os de edad, as\u00ed como el sano esparcimiento.<\/p>\n\n\n\n<figure class=\"wp-block-image size-large\"><img loading=\"lazy\" decoding=\"async\" width=\"1024\" height=\"683\" src=\"https:\/\/diariodigitalmx.com\/wp-content\/uploads\/2025\/08\/REGIO-FEST-6-1024x683.jpg\" alt=\"\" class=\"wp-image-138899\" srcset=\"https:\/\/diariodigitalmx.com\/wp-content\/uploads\/2025\/08\/REGIO-FEST-6-1024x683.jpg 1024w, https:\/\/diariodigitalmx.com\/wp-content\/uploads\/2025\/08\/REGIO-FEST-6-300x200.jpg 300w, https:\/\/diariodigitalmx.com\/wp-content\/uploads\/2025\/08\/REGIO-FEST-6-768x512.jpg 768w, https:\/\/diariodigitalmx.com\/wp-content\/uploads\/2025\/08\/REGIO-FEST-6-1536x1024.jpg 1536w, https:\/\/diariodigitalmx.com\/wp-content\/uploads\/2025\/08\/REGIO-FEST-6-2048x1365.jpg 2048w\" sizes=\"(max-width: 1024px) 100vw, 1024px\" \/><\/figure>\n\n\n\n<p>Maday Cant\u00fa, directora general del Injure, dijo en su mensaje que el alcalde Adri\u00e1n de la Garza, instruy\u00f3 para que las acciones del instituto impulsen los sue\u00f1os y las metas de los j\u00f3venes regiomontanos.<\/p>\n\n\n\n<p>Bajo esta premisa expres\u00f3, se ocupan en proporcionar a este sector poblacional espacios de diversi\u00f3n y oportunidades de crecimiento personal y profesional.<\/p>\n\n\n\n<figure class=\"wp-block-gallery has-nested-images columns-default is-cropped wp-block-gallery-1 is-layout-flex wp-block-gallery-is-layout-flex\">\n<figure class=\"wp-block-image size-large\"><img loading=\"lazy\" decoding=\"async\" width=\"1024\" height=\"683\" data-id=\"138897\" src=\"https:\/\/diariodigitalmx.com\/wp-content\/uploads\/2025\/08\/REGIO-FEST-1-1024x683.jpg\" alt=\"\" class=\"wp-image-138897\" srcset=\"https:\/\/diariodigitalmx.com\/wp-content\/uploads\/2025\/08\/REGIO-FEST-1-1024x683.jpg 1024w, https:\/\/diariodigitalmx.com\/wp-content\/uploads\/2025\/08\/REGIO-FEST-1-300x200.jpg 300w, https:\/\/diariodigitalmx.com\/wp-content\/uploads\/2025\/08\/REGIO-FEST-1-768x512.jpg 768w, https:\/\/diariodigitalmx.com\/wp-content\/uploads\/2025\/08\/REGIO-FEST-1-1536x1024.jpg 1536w, https:\/\/diariodigitalmx.com\/wp-content\/uploads\/2025\/08\/REGIO-FEST-1-2048x1365.jpg 2048w\" sizes=\"(max-width: 1024px) 100vw, 1024px\" \/><\/figure>\n\n\n\n<figure class=\"wp-block-image size-large\"><img loading=\"lazy\" decoding=\"async\" width=\"1024\" height=\"683\" data-id=\"138898\" src=\"https:\/\/diariodigitalmx.com\/wp-content\/uploads\/2025\/08\/REGIO-FEST-3-1024x683.jpg\" alt=\"\" class=\"wp-image-138898\" srcset=\"https:\/\/diariodigitalmx.com\/wp-content\/uploads\/2025\/08\/REGIO-FEST-3-1024x683.jpg 1024w, https:\/\/diariodigitalmx.com\/wp-content\/uploads\/2025\/08\/REGIO-FEST-3-300x200.jpg 300w, https:\/\/diariodigitalmx.com\/wp-content\/uploads\/2025\/08\/REGIO-FEST-3-768x512.jpg 768w, https:\/\/diariodigitalmx.com\/wp-content\/uploads\/2025\/08\/REGIO-FEST-3-1536x1024.jpg 1536w, https:\/\/diariodigitalmx.com\/wp-content\/uploads\/2025\/08\/REGIO-FEST-3-2048x1365.jpg 2048w\" sizes=\"(max-width: 1024px) 100vw, 1024px\" \/><\/figure>\n<\/figure>\n\n\n\n<p>En el Regio Fest, efectuado en el escenario GNP Seguros del Pabell\u00f3n M, se realiz\u00f3 una rifa de tabletas, scooters y laptops.<\/p>\n\n\n\n<p>Tambi\u00e9n se present\u00f3 el cantautor Venezolano Lasso, interpretando sus \u00e9xitos y coreados por los miles de presentes.<\/p>\n\n\n\n<p>Durante el concierto, un joven aprovech\u00f3 para dedicar uno de los temas del cantante a su novia y proponerle matrimonio ante todo el p\u00fablico, acci\u00f3n que fue ovacionada por los asistentes.<\/p>\n\n\n\n<p>Las juventudes disfrutaron del talento, humor y baile del grupo Turbulence y de la Burrita Burrona.<\/p>\n","protected":false},"excerpt":{"rendered":"<p>Cerca de tres mil j\u00f3venes se dieron cita este domingo en el primer \u201cRegio Fest\u201d organizado por el Gobierno de Monterrey a trav\u00e9s del Instituto de la Juventud Regia (Injure). Los asistentes disfrutaron de un festival de m\u00fasica, presentaci\u00f3n de comediantes y hasta rifas, con el fin de promover la convivencia entre la poblaci\u00f3n de [&hellip;]<\/p>\n","protected":false},"author":1,"featured_media":138894,"comment_status":"open","ping_status":"open","sticky":false,"template":"","format":"standard","meta":{"footnotes":""},"categories":[6,5],"tags":[],"_links":{"self":[{"href":"https:\/\/diariodigitalmx.com\/index.php\/wp-json\/wp\/v2\/posts\/138885"}],"collection":[{"href":"https:\/\/diariodigitalmx.com\/index.php\/wp-json\/wp\/v2\/posts"}],"about":[{"href":"https:\/\/diariodigitalmx.com\/index.php\/wp-json\/wp\/v2\/types\/post"}],"author":[{"embeddable":true,"href":"https:\/\/diariodigitalmx.com\/index.php\/wp-json\/wp\/v2\/users\/1"}],"replies":[{"embeddable":true,"href":"https:\/\/diariodigitalmx.com\/index.php\/wp-json\/wp\/v2\/comments?post=138885"}],"version-history":[{"count":2,"href":"https:\/\/diariodigitalmx.com\/index.php\/wp-json\/wp\/v2\/posts\/138885\/revisions"}],"predecessor-version":[{"id":138900,"href":"https:\/\/diariodigitalmx.com\/index.php\/wp-json\/wp\/v2\/posts\/138885\/revisions\/138900"}],"wp:featuredmedia":[{"embeddable":true,"href":"https:\/\/diariodigitalmx.com\/index.php\/wp-json\/wp\/v2\/media\/138894"}],"wp:attachment":[{"href":"https:\/\/diariodigitalmx.com\/index.php\/wp-json\/wp\/v2\/media?parent=138885"}],"wp:term":[{"taxonomy":"category","embeddable":true,"href":"https:\/\/diariodigitalmx.com\/index.php\/wp-json\/wp\/v2\/categories?post=138885"},{"taxonomy":"post_tag","embeddable":true,"href":"https:\/\/diariodigitalmx.com\/index.php\/wp-json\/wp\/v2\/tags?post=138885"}],"curies":[{"name":"wp","href":"https:\/\/api.w.org\/{rel}","templated":true}]}}