{"id":138887,"date":"2025-08-24T22:50:04","date_gmt":"2025-08-25T04:50:04","guid":{"rendered":"https:\/\/diariodigitalmx.com\/?p=138887"},"modified":"2025-08-24T23:03:30","modified_gmt":"2025-08-25T05:03:30","slug":"oleeee-homenaje-a-eloy-cavazos-en-su-tierra-guadalupe-nl","status":"publish","type":"post","link":"https:\/\/diariodigitalmx.com\/index.php\/2025\/08\/24\/oleeee-homenaje-a-eloy-cavazos-en-su-tierra-guadalupe-nl\/","title":{"rendered":"Oleee\u00e9, homenaje a Eloy Cavazos en su tierra: Guadalupe, NL"},"content":{"rendered":"\n<p>Homenaje en vida a un grande de Guadalupe, el torero Eloy Cavazos recibir\u00e1 un reconocimiento en Sesi\u00f3n Solemne del Cabildo este 28 de agosto, exactamente a la misma hora que hace 59 a\u00f1os tom\u00f3 la alternativa en la Plaza Monumental Monterrey.<\/p>\n\n\n\n<p>La Secretaria del Ayuntamiento, Laura Paula L\u00f3pez coment\u00f3 que el guadalupense es considerado como un torero de \u00e9poca.<\/p>\n\n\n\n<p>\u201cCelebraremos 59 a\u00f1os de trayectoria, per\u00edodo en el que Eloy Cavazos ha representado a Guadalupe en el mundo, con reconocimientos a nivel local, estatal, nacional e internacional. Es uno de los m\u00e1s grandes toreros de la historia en M\u00e9xico\u201d, expres\u00f3 L\u00f3pez S\u00e1nchez.<\/p>\n\n\n\n<figure class=\"wp-block-image size-large\"><img loading=\"lazy\" decoding=\"async\" width=\"1024\" height=\"683\" src=\"https:\/\/diariodigitalmx.com\/wp-content\/uploads\/2025\/08\/IMG-20250824-WA0051-1024x683.jpg\" alt=\"\" class=\"wp-image-138892\" srcset=\"https:\/\/diariodigitalmx.com\/wp-content\/uploads\/2025\/08\/IMG-20250824-WA0051-1024x683.jpg 1024w, https:\/\/diariodigitalmx.com\/wp-content\/uploads\/2025\/08\/IMG-20250824-WA0051-300x200.jpg 300w, https:\/\/diariodigitalmx.com\/wp-content\/uploads\/2025\/08\/IMG-20250824-WA0051-768x512.jpg 768w, https:\/\/diariodigitalmx.com\/wp-content\/uploads\/2025\/08\/IMG-20250824-WA0051-1536x1025.jpg 1536w, https:\/\/diariodigitalmx.com\/wp-content\/uploads\/2025\/08\/IMG-20250824-WA0051.jpg 1565w\" sizes=\"(max-width: 1024px) 100vw, 1024px\" \/><\/figure>\n\n\n\n<p>\u201cEl Peque\u00f1o Gigante\u201d, como se le conoce, tuvo una carrera de 42 a\u00f1os en la fiesta brava, consagr\u00e1ndose como \u201cEl Torero de M\u00e9xico\u201d tras su faena hist\u00f3rica en la Plaza Las Ventas de Madrid, Espa\u00f1a en 1971, con un sonado triunfo en el mismo sitio al a\u00f1o siguiente, logros que no han sido superados por ning\u00fan otro torero mexicano.<\/p>\n\n\n\n<p>El matador guadalupense es considerado como el m\u00e1ximo exponente de los r\u00e9cords taurinos en el mundo, con m\u00e1s corridas en un d\u00eda, adem\u00e1s de convertirse en el diestro mexicano que ha cortado m\u00e1s ap\u00e9ndices en Madrid.<\/p>\n\n\n\n<p>Constituye junto a Lorenzo Garza y Manolo Mart\u00ednez la trilog\u00eda de la tauromaquia en Nuevo Le\u00f3n, ejemplo de la grandeza de la gente de Guadalupe.&nbsp;<\/p>\n","protected":false},"excerpt":{"rendered":"<p>Homenaje en vida a un grande de Guadalupe, el torero Eloy Cavazos recibir\u00e1 un reconocimiento en Sesi\u00f3n Solemne del Cabildo este 28 de agosto, exactamente a la misma hora que hace 59 a\u00f1os tom\u00f3 la alternativa en la Plaza Monumental Monterrey. La Secretaria del Ayuntamiento, Laura Paula L\u00f3pez coment\u00f3 que el guadalupense es considerado como [&hellip;]<\/p>\n","protected":false},"author":1,"featured_media":138891,"comment_status":"open","ping_status":"open","sticky":false,"template":"","format":"standard","meta":{"footnotes":""},"categories":[6],"tags":[],"_links":{"self":[{"href":"https:\/\/diariodigitalmx.com\/index.php\/wp-json\/wp\/v2\/posts\/138887"}],"collection":[{"href":"https:\/\/diariodigitalmx.com\/index.php\/wp-json\/wp\/v2\/posts"}],"about":[{"href":"https:\/\/diariodigitalmx.com\/index.php\/wp-json\/wp\/v2\/types\/post"}],"author":[{"embeddable":true,"href":"https:\/\/diariodigitalmx.com\/index.php\/wp-json\/wp\/v2\/users\/1"}],"replies":[{"embeddable":true,"href":"https:\/\/diariodigitalmx.com\/index.php\/wp-json\/wp\/v2\/comments?post=138887"}],"version-history":[{"count":2,"href":"https:\/\/diariodigitalmx.com\/index.php\/wp-json\/wp\/v2\/posts\/138887\/revisions"}],"predecessor-version":[{"id":138893,"href":"https:\/\/diariodigitalmx.com\/index.php\/wp-json\/wp\/v2\/posts\/138887\/revisions\/138893"}],"wp:featuredmedia":[{"embeddable":true,"href":"https:\/\/diariodigitalmx.com\/index.php\/wp-json\/wp\/v2\/media\/138891"}],"wp:attachment":[{"href":"https:\/\/diariodigitalmx.com\/index.php\/wp-json\/wp\/v2\/media?parent=138887"}],"wp:term":[{"taxonomy":"category","embeddable":true,"href":"https:\/\/diariodigitalmx.com\/index.php\/wp-json\/wp\/v2\/categories?post=138887"},{"taxonomy":"post_tag","embeddable":true,"href":"https:\/\/diariodigitalmx.com\/index.php\/wp-json\/wp\/v2\/tags?post=138887"}],"curies":[{"name":"wp","href":"https:\/\/api.w.org\/{rel}","templated":true}]}}