{"id":138904,"date":"2025-08-25T05:19:51","date_gmt":"2025-08-25T11:19:51","guid":{"rendered":"https:\/\/diariodigitalmx.com\/?p=138904"},"modified":"2025-08-25T05:30:27","modified_gmt":"2025-08-25T11:30:27","slug":"la-marcha-de-las-ordenes","status":"publish","type":"post","link":"https:\/\/diariodigitalmx.com\/index.php\/2025\/08\/25\/la-marcha-de-las-ordenes\/","title":{"rendered":"La marcha de las ordenes"},"content":{"rendered":"\n<p>Gerson G\u00f3mez Salas<\/p>\n\n\n\n<p>Desde el despacho de Comunicaci\u00f3n Social emitieron el comunicado. En el caso del fallecimiento del equino, en la parte poniente de la ciudad de Monterrey, el sector conocido como La Alianza.<\/p>\n\n\n\n<p>El m\u00e9dico legista determin\u00f3, despu\u00e9s de realizar la autopsia, el deceso fue causado por infarto en el coraz\u00f3n del animal.<\/p>\n\n\n\n<p>Con eso descartamos cualquier responsabilidad. La temporada de lluvias lleg\u00f3 a la urbe metropolitana. De no resultar indispensable, qu\u00e9dese en casa.<\/p>\n\n\n\n<p>Desde la mesa de redacci\u00f3n, toda la nota anodina result\u00f3 contrastante. Cada testimonio de los vecinos apoyaba el dicho del due\u00f1o del caballo.<\/p>\n\n\n\n<p>Muri\u00f3 electrocutado. Incluso el amo, al observar la desgracia, en acto de amor, intent\u00f3 salvarle la vida. Los cables del alumbrado p\u00fablico municipal est\u00e1n pelones, mal aterrizados.<\/p>\n\n\n\n<p>Con una de sus patas la desgracia consumi\u00f3 la vida. Otro habitante de la zona, al observar al cern\u00edcalo y al due\u00f1o, se acerc\u00f3 con el palo de escoba. Al tercer golpe los separ\u00f3.<\/p>\n\n\n\n<p>Sali\u00f3 humo del cuerpo. Comenz\u00f3 a oler a quemado. Las patas son el testimonio irrefutable de la negligencia. Pudo sucederle a cualquier paseante. Enviaron el cami\u00f3n de la basura para recoger el cuerpo. Jam\u00e1s realizaron alguna autopsia. Ni siquiera cuentan con el veterinario. Directo al deposito de basura a podrir las carnes calcinadas.<\/p>\n\n\n\n<p>Los trabajadores electricistas acordonaron la zona. Aislaron de forma correcta cada uno de los cables. En el pol\u00edgono de la desgracia llovi\u00f3 incluso despensas para las familias de la zona.<\/p>\n\n\n\n<p>Con eso acallaron el rumor. La noticia al caj\u00f3n del desastre. Impublicable e intransmisible.<\/p>\n\n\n\n<p>Conserva la empresa comunicativa los acuerdos de publicidad. Sin ning\u00fan cambio. La patente de los corsarios.<\/p>\n","protected":false},"excerpt":{"rendered":"<p>Gerson G\u00f3mez Salas Desde el despacho de Comunicaci\u00f3n Social emitieron el comunicado. En el caso del fallecimiento del equino, en la parte poniente de la ciudad de Monterrey, el sector conocido como La Alianza. El m\u00e9dico legista determin\u00f3, despu\u00e9s de realizar la autopsia, el deceso fue causado por infarto en el coraz\u00f3n del animal. Con [&hellip;]<\/p>\n","protected":false},"author":1,"featured_media":138910,"comment_status":"open","ping_status":"open","sticky":false,"template":"","format":"standard","meta":{"footnotes":""},"categories":[12],"tags":[],"_links":{"self":[{"href":"https:\/\/diariodigitalmx.com\/index.php\/wp-json\/wp\/v2\/posts\/138904"}],"collection":[{"href":"https:\/\/diariodigitalmx.com\/index.php\/wp-json\/wp\/v2\/posts"}],"about":[{"href":"https:\/\/diariodigitalmx.com\/index.php\/wp-json\/wp\/v2\/types\/post"}],"author":[{"embeddable":true,"href":"https:\/\/diariodigitalmx.com\/index.php\/wp-json\/wp\/v2\/users\/1"}],"replies":[{"embeddable":true,"href":"https:\/\/diariodigitalmx.com\/index.php\/wp-json\/wp\/v2\/comments?post=138904"}],"version-history":[{"count":1,"href":"https:\/\/diariodigitalmx.com\/index.php\/wp-json\/wp\/v2\/posts\/138904\/revisions"}],"predecessor-version":[{"id":138905,"href":"https:\/\/diariodigitalmx.com\/index.php\/wp-json\/wp\/v2\/posts\/138904\/revisions\/138905"}],"wp:featuredmedia":[{"embeddable":true,"href":"https:\/\/diariodigitalmx.com\/index.php\/wp-json\/wp\/v2\/media\/138910"}],"wp:attachment":[{"href":"https:\/\/diariodigitalmx.com\/index.php\/wp-json\/wp\/v2\/media?parent=138904"}],"wp:term":[{"taxonomy":"category","embeddable":true,"href":"https:\/\/diariodigitalmx.com\/index.php\/wp-json\/wp\/v2\/categories?post=138904"},{"taxonomy":"post_tag","embeddable":true,"href":"https:\/\/diariodigitalmx.com\/index.php\/wp-json\/wp\/v2\/tags?post=138904"}],"curies":[{"name":"wp","href":"https:\/\/api.w.org\/{rel}","templated":true}]}}