{"id":138914,"date":"2025-08-25T05:59:37","date_gmt":"2025-08-25T11:59:37","guid":{"rendered":"https:\/\/diariodigitalmx.com\/?p=138914"},"modified":"2025-08-25T06:01:59","modified_gmt":"2025-08-25T12:01:59","slug":"que-leer-gerson-gomez-recomienda","status":"publish","type":"post","link":"https:\/\/diariodigitalmx.com\/index.php\/2025\/08\/25\/que-leer-gerson-gomez-recomienda\/","title":{"rendered":"\u201cQu\u00e9 leer?: Gerson G\u00f3mez recomienda"},"content":{"rendered":"\n<p>\u00bfD\u00f3nde est\u00e1 la frontera del aire? De Adolfo Casta\u00f1\u00f3n<\/p>\n\n\n\n<p>El volumen que los lectores tiene entre las manos busca hacer una presentaci\u00f3n, en clave mexicana, de las diversas modalidades practicadas por este pol\u00edgrafo infatigable: el verso, el ensayo, la narraci\u00f3n, la novela, el apunte period\u00edstico, la parodia. Adem\u00e1s de buscar dar una idea caleidosc\u00f3pica del vers\u00e1til y pl\u00e1stico testigo de la historia y de la acci\u00f3n de los otros, la galer\u00eda recapitula su presencia en las cartas, diarios y testimonios de amigos, como Alfonso Reyes y Jos\u00e9 Luis Mart\u00ednez, entre otras voces.<\/p>\n\n\n\n<figure class=\"wp-block-image size-full\"><img loading=\"lazy\" decoding=\"async\" width=\"912\" height=\"931\" src=\"https:\/\/diariodigitalmx.com\/wp-content\/uploads\/2025\/08\/f22ae7f0-91a2-2cdd-8368-86d593a4be8b.png\" alt=\"\" class=\"wp-image-138918\" srcset=\"https:\/\/diariodigitalmx.com\/wp-content\/uploads\/2025\/08\/f22ae7f0-91a2-2cdd-8368-86d593a4be8b.png 912w, https:\/\/diariodigitalmx.com\/wp-content\/uploads\/2025\/08\/f22ae7f0-91a2-2cdd-8368-86d593a4be8b-294x300.png 294w, https:\/\/diariodigitalmx.com\/wp-content\/uploads\/2025\/08\/f22ae7f0-91a2-2cdd-8368-86d593a4be8b-768x784.png 768w\" sizes=\"(max-width: 912px) 100vw, 912px\" \/><\/figure>\n\n\n\n<p>&nbsp;Cartas a una ardilla y otros espec\u00edmenes de Angelina Mu\u00f1iz<\/p>\n\n\n\n<p>\u00a0En el presente epistolario, se re\u00fanen diversas cartas que la autora le escribe a una ardilla y a otros espec\u00edmenes. \u00c9stas materializan las reflexiones de la autora en torno a diversos temas, con las que los lectores logran vislumbrar lo que la autora piensa y cree de lo que la rodea.<\/p>\n\n\n\n<figure class=\"wp-block-image size-large\"><img loading=\"lazy\" decoding=\"async\" width=\"867\" height=\"1024\" src=\"https:\/\/diariodigitalmx.com\/wp-content\/uploads\/2025\/08\/7557abea-1d72-3db1-c0cb-f406ae110a95-867x1024.png\" alt=\"\" class=\"wp-image-138919\" srcset=\"https:\/\/diariodigitalmx.com\/wp-content\/uploads\/2025\/08\/7557abea-1d72-3db1-c0cb-f406ae110a95-867x1024.png 867w, https:\/\/diariodigitalmx.com\/wp-content\/uploads\/2025\/08\/7557abea-1d72-3db1-c0cb-f406ae110a95-254x300.png 254w, https:\/\/diariodigitalmx.com\/wp-content\/uploads\/2025\/08\/7557abea-1d72-3db1-c0cb-f406ae110a95-768x907.png 768w, https:\/\/diariodigitalmx.com\/wp-content\/uploads\/2025\/08\/7557abea-1d72-3db1-c0cb-f406ae110a95.png 992w\" sizes=\"(max-width: 867px) 100vw, 867px\" \/><\/figure>\n\n\n\n<p>Apuntes flamencos de Juan Vadillo<\/p>\n\n\n\n<p>\u00a0Apuntes flamencos est\u00e1 conformado por una recopilaci\u00f3n de ensayos donde se establece un di\u00e1logo entre el mundo sincr\u00e9tico del flamenco, la poes\u00eda, y algunos conceptos como la Pena andaluza, el silencio, la m\u00fasica callada, el comp\u00e1s y el duende. A su vez, este libro se acerca al problema que implica la comparaci\u00f3n entre las coplas flamencas de la l\u00edrica tradicional y las coplas escritas por poetas cultos. Siguiendo esta misma l\u00ednea de investigaci\u00f3n se esbozan las virtudes de la brevedad que, como un arte, se expresa en las coplas.<\/p>\n\n\n\n<figure class=\"wp-block-image size-full\"><img loading=\"lazy\" decoding=\"async\" width=\"1007\" height=\"913\" src=\"https:\/\/diariodigitalmx.com\/wp-content\/uploads\/2025\/08\/0c1eddd0-9bb1-0307-035f-195455e52fbc.png\" alt=\"\" class=\"wp-image-138920\" srcset=\"https:\/\/diariodigitalmx.com\/wp-content\/uploads\/2025\/08\/0c1eddd0-9bb1-0307-035f-195455e52fbc.png 1007w, https:\/\/diariodigitalmx.com\/wp-content\/uploads\/2025\/08\/0c1eddd0-9bb1-0307-035f-195455e52fbc-300x272.png 300w, https:\/\/diariodigitalmx.com\/wp-content\/uploads\/2025\/08\/0c1eddd0-9bb1-0307-035f-195455e52fbc-768x696.png 768w\" sizes=\"(max-width: 1007px) 100vw, 1007px\" \/><\/figure>\n\n\n\n<p>Estupidez ilustrada de Luis Alberto Ayala Blanco<\/p>\n\n\n\n<p>&nbsp;Practicante fallido de la ataraxia, disciplina mental que exige la negaci\u00f3n de los temores y los deseos, en su \u201cComentario\u201d introductorio, Luis Alberto Ayala Blanco con esa sus contradicciones entre el hast\u00edo que le provoca escribir a la vez que sufrimiento y placer. Esto le permite renunciar al pensamiento sostenido y emprende una exploraci\u00f3n azarosa entre los socavones del humanismo y su engendro m\u00e1s querido, las masas empoderadas por el voto. \u201cNo olvidemos que uno de los vicios de la democracia, como bien dice Cioran, es permitir que cualquier imb\u00e9cil pueda gobernar.\u201d Tal para cual.<\/p>\n","protected":false},"excerpt":{"rendered":"<p>\u00bfD\u00f3nde est\u00e1 la frontera del aire? De Adolfo Casta\u00f1\u00f3n El volumen que los lectores tiene entre las manos busca hacer una presentaci\u00f3n, en clave mexicana, de las diversas modalidades practicadas por este pol\u00edgrafo infatigable: el verso, el ensayo, la narraci\u00f3n, la novela, el apunte period\u00edstico, la parodia. Adem\u00e1s de buscar dar una idea caleidosc\u00f3pica del [&hellip;]<\/p>\n","protected":false},"author":1,"featured_media":138916,"comment_status":"open","ping_status":"open","sticky":false,"template":"","format":"standard","meta":{"footnotes":""},"categories":[11,5],"tags":[],"_links":{"self":[{"href":"https:\/\/diariodigitalmx.com\/index.php\/wp-json\/wp\/v2\/posts\/138914"}],"collection":[{"href":"https:\/\/diariodigitalmx.com\/index.php\/wp-json\/wp\/v2\/posts"}],"about":[{"href":"https:\/\/diariodigitalmx.com\/index.php\/wp-json\/wp\/v2\/types\/post"}],"author":[{"embeddable":true,"href":"https:\/\/diariodigitalmx.com\/index.php\/wp-json\/wp\/v2\/users\/1"}],"replies":[{"embeddable":true,"href":"https:\/\/diariodigitalmx.com\/index.php\/wp-json\/wp\/v2\/comments?post=138914"}],"version-history":[{"count":2,"href":"https:\/\/diariodigitalmx.com\/index.php\/wp-json\/wp\/v2\/posts\/138914\/revisions"}],"predecessor-version":[{"id":138921,"href":"https:\/\/diariodigitalmx.com\/index.php\/wp-json\/wp\/v2\/posts\/138914\/revisions\/138921"}],"wp:featuredmedia":[{"embeddable":true,"href":"https:\/\/diariodigitalmx.com\/index.php\/wp-json\/wp\/v2\/media\/138916"}],"wp:attachment":[{"href":"https:\/\/diariodigitalmx.com\/index.php\/wp-json\/wp\/v2\/media?parent=138914"}],"wp:term":[{"taxonomy":"category","embeddable":true,"href":"https:\/\/diariodigitalmx.com\/index.php\/wp-json\/wp\/v2\/categories?post=138914"},{"taxonomy":"post_tag","embeddable":true,"href":"https:\/\/diariodigitalmx.com\/index.php\/wp-json\/wp\/v2\/tags?post=138914"}],"curies":[{"name":"wp","href":"https:\/\/api.w.org\/{rel}","templated":true}]}}