{"id":138939,"date":"2025-08-25T19:01:20","date_gmt":"2025-08-26T01:01:20","guid":{"rendered":"https:\/\/diariodigitalmx.com\/?p=138939"},"modified":"2025-08-25T19:07:11","modified_gmt":"2025-08-26T01:07:11","slug":"supervisa-mijes-obra-que-mejorara-movilidad-en-bosques-de-escobedo","status":"publish","type":"post","link":"https:\/\/diariodigitalmx.com\/index.php\/2025\/08\/25\/supervisa-mijes-obra-que-mejorara-movilidad-en-bosques-de-escobedo\/","title":{"rendered":"Supervisa Mijes obra que mejorar\u00e1 movilidad en Bosques de Escobedo"},"content":{"rendered":"\n<p>Para garantizar vialidades modernas y seguras, el Alcalde Andr\u00e9s Mijes supervis\u00f3 este lunes la rehabilitaci\u00f3n total de la Calle Jos\u00e9 Aramberri, en la Colonia Bosques de Escobedo, una obra que beneficiar\u00e1 a m\u00e1s de 3 mil vecinos y reducir\u00e1 tiempos de traslado.<br>Acompa\u00f1ado por Felipe Canales, Secretario del Ayuntamiento, y Martiniano Rueda, Secretario de Obras P\u00fablicas, el Edil constat\u00f3 el avance de los trabajos que renovar\u00e1n por completo la carpeta asf\u00e1ltica.<br>Este proyecto busca ofrecer a los vecinos de este sector un pavimento moderno, resistente y seguro, a trav\u00e9s de una soluci\u00f3n integral que vaya m\u00e1s all\u00e1 de reparaciones superficiales.<\/p>\n\n\n\n<figure class=\"wp-block-gallery has-nested-images columns-default is-cropped wp-block-gallery-1 is-layout-flex wp-block-gallery-is-layout-flex\">\n<figure class=\"wp-block-image size-large\"><img loading=\"lazy\" decoding=\"async\" width=\"1024\" height=\"683\" data-id=\"138944\" src=\"https:\/\/diariodigitalmx.com\/wp-content\/uploads\/2025\/08\/Q9A9922-1024x683.jpg\" alt=\"\" class=\"wp-image-138944\" srcset=\"https:\/\/diariodigitalmx.com\/wp-content\/uploads\/2025\/08\/Q9A9922-1024x683.jpg 1024w, https:\/\/diariodigitalmx.com\/wp-content\/uploads\/2025\/08\/Q9A9922-300x200.jpg 300w, https:\/\/diariodigitalmx.com\/wp-content\/uploads\/2025\/08\/Q9A9922-768x512.jpg 768w, https:\/\/diariodigitalmx.com\/wp-content\/uploads\/2025\/08\/Q9A9922-1536x1024.jpg 1536w, https:\/\/diariodigitalmx.com\/wp-content\/uploads\/2025\/08\/Q9A9922-2048x1365.jpg 2048w\" sizes=\"(max-width: 1024px) 100vw, 1024px\" \/><\/figure>\n\n\n\n<figure class=\"wp-block-image size-large\"><img loading=\"lazy\" decoding=\"async\" width=\"532\" height=\"800\" data-id=\"138943\" src=\"https:\/\/diariodigitalmx.com\/wp-content\/uploads\/2025\/08\/5001480620555218637.jpg\" alt=\"\" class=\"wp-image-138943\" srcset=\"https:\/\/diariodigitalmx.com\/wp-content\/uploads\/2025\/08\/5001480620555218637.jpg 532w, https:\/\/diariodigitalmx.com\/wp-content\/uploads\/2025\/08\/5001480620555218637-200x300.jpg 200w\" sizes=\"(max-width: 532px) 100vw, 532px\" \/><\/figure>\n<\/figure>\n\n\n\n<p>La intervenci\u00f3n contempla la rehabilitaci\u00f3n de 1,592 metros cuadrados de pavimento, brindando un dise\u00f1o moderno, resistente y seguro. Esta v\u00eda conecta con Isla del Sur y arterias principales, por lo que el impacto ser\u00e1 significativo en la movilidad y en la calidad de vida de quienes transitan diariamente por la zona.<br>El Gobierno Municipal destac\u00f3 que esta obra no son arreglos aislados, sino una renovaci\u00f3n profunda desde la base, lo que garantizar\u00e1 mayor durabilidad y menor necesidad de mantenimiento a corto plazo.<\/p>\n\n\n\n<figure class=\"wp-block-image size-large\"><img loading=\"lazy\" decoding=\"async\" width=\"1024\" height=\"681\" src=\"https:\/\/diariodigitalmx.com\/wp-content\/uploads\/2025\/08\/5001480620555218647-1024x681.jpg\" alt=\"\" class=\"wp-image-138946\" srcset=\"https:\/\/diariodigitalmx.com\/wp-content\/uploads\/2025\/08\/5001480620555218647-1024x681.jpg 1024w, https:\/\/diariodigitalmx.com\/wp-content\/uploads\/2025\/08\/5001480620555218647-300x199.jpg 300w, https:\/\/diariodigitalmx.com\/wp-content\/uploads\/2025\/08\/5001480620555218647-768x511.jpg 768w, https:\/\/diariodigitalmx.com\/wp-content\/uploads\/2025\/08\/5001480620555218647.jpg 1280w\" sizes=\"(max-width: 1024px) 100vw, 1024px\" \/><\/figure>\n\n\n\n<p>Estas acciones forman parte del compromiso de la 4T Norte\u00f1a para impulsar una movilidad eficiente, en l\u00ednea con la propuesta de la Presidenta Claudia Sheinbaum de realizar obras que impacten positivamente en las comunidades.<br>Con este proyecto, la Administraci\u00f3n reafirma su objetivo de transformar la infraestructura urbana en Escobedo, privilegiando la movilidad y el bienestar ciudadano.<\/p>\n","protected":false},"excerpt":{"rendered":"<p>Para garantizar vialidades modernas y seguras, el Alcalde Andr\u00e9s Mijes supervis\u00f3 este lunes la rehabilitaci\u00f3n total de la Calle Jos\u00e9 Aramberri, en la Colonia Bosques de Escobedo, una obra que beneficiar\u00e1 a m\u00e1s de 3 mil vecinos y reducir\u00e1 tiempos de traslado.Acompa\u00f1ado por Felipe Canales, Secretario del Ayuntamiento, y Martiniano Rueda, Secretario de Obras P\u00fablicas, [&hellip;]<\/p>\n","protected":false},"author":1,"featured_media":138941,"comment_status":"open","ping_status":"open","sticky":false,"template":"","format":"standard","meta":{"footnotes":""},"categories":[6],"tags":[],"_links":{"self":[{"href":"https:\/\/diariodigitalmx.com\/index.php\/wp-json\/wp\/v2\/posts\/138939"}],"collection":[{"href":"https:\/\/diariodigitalmx.com\/index.php\/wp-json\/wp\/v2\/posts"}],"about":[{"href":"https:\/\/diariodigitalmx.com\/index.php\/wp-json\/wp\/v2\/types\/post"}],"author":[{"embeddable":true,"href":"https:\/\/diariodigitalmx.com\/index.php\/wp-json\/wp\/v2\/users\/1"}],"replies":[{"embeddable":true,"href":"https:\/\/diariodigitalmx.com\/index.php\/wp-json\/wp\/v2\/comments?post=138939"}],"version-history":[{"count":3,"href":"https:\/\/diariodigitalmx.com\/index.php\/wp-json\/wp\/v2\/posts\/138939\/revisions"}],"predecessor-version":[{"id":138947,"href":"https:\/\/diariodigitalmx.com\/index.php\/wp-json\/wp\/v2\/posts\/138939\/revisions\/138947"}],"wp:featuredmedia":[{"embeddable":true,"href":"https:\/\/diariodigitalmx.com\/index.php\/wp-json\/wp\/v2\/media\/138941"}],"wp:attachment":[{"href":"https:\/\/diariodigitalmx.com\/index.php\/wp-json\/wp\/v2\/media?parent=138939"}],"wp:term":[{"taxonomy":"category","embeddable":true,"href":"https:\/\/diariodigitalmx.com\/index.php\/wp-json\/wp\/v2\/categories?post=138939"},{"taxonomy":"post_tag","embeddable":true,"href":"https:\/\/diariodigitalmx.com\/index.php\/wp-json\/wp\/v2\/tags?post=138939"}],"curies":[{"name":"wp","href":"https:\/\/api.w.org\/{rel}","templated":true}]}}