{"id":139009,"date":"2025-08-27T23:29:36","date_gmt":"2025-08-28T05:29:36","guid":{"rendered":"https:\/\/diariodigitalmx.com\/?p=139009"},"modified":"2025-08-27T23:40:34","modified_gmt":"2025-08-28T05:40:34","slug":"propone-mijes-unir-vision-y-accion-para-transformar-nuevo-leon","status":"publish","type":"post","link":"https:\/\/diariodigitalmx.com\/index.php\/2025\/08\/27\/propone-mijes-unir-vision-y-accion-para-transformar-nuevo-leon\/","title":{"rendered":"Propone Mijes unir visi\u00f3n y acci\u00f3n para transformar Nuevo Le\u00f3n"},"content":{"rendered":"\n<p>El Alcalde Andr\u00e9s Mijes afirm\u00f3 este mi\u00e9rcoles que la 4T Norte\u00f1a representa una visi\u00f3n de estado que transforma la manera de gobernar, al combinar pol\u00edticas p\u00fablicas innovadoras que equilibran desarrollo<br>econ\u00f3mico y justicia social, para garantizar prosperidad para todos.<\/p>\n\n\n\n<figure class=\"wp-block-image size-large\"><img loading=\"lazy\" decoding=\"async\" width=\"1024\" height=\"681\" src=\"https:\/\/diariodigitalmx.com\/wp-content\/uploads\/2025\/08\/5008143248702680725-1024x681.jpg\" alt=\"\" class=\"wp-image-139014\" srcset=\"https:\/\/diariodigitalmx.com\/wp-content\/uploads\/2025\/08\/5008143248702680725-1024x681.jpg 1024w, https:\/\/diariodigitalmx.com\/wp-content\/uploads\/2025\/08\/5008143248702680725-300x199.jpg 300w, https:\/\/diariodigitalmx.com\/wp-content\/uploads\/2025\/08\/5008143248702680725-768x511.jpg 768w, https:\/\/diariodigitalmx.com\/wp-content\/uploads\/2025\/08\/5008143248702680725.jpg 1280w\" sizes=\"(max-width: 1024px) 100vw, 1024px\" \/><\/figure>\n\n\n\n<p>Durante su participaci\u00f3n en el foro universitario: \u201cDesaf\u00edos y Oportunidades en la Gesti\u00f3n Municipal Metropolitana\u201d, organizado por la Facultad de Ciencias Pol\u00edticas y Relaciones Internacionales de la UANL, Mijes explic\u00f3 que a trav\u00e9s de este modelo con la mano derecha se garantiza orden, legalidad y eficiencia administrativa; y por otro, la mano izquierda impulsa pol\u00edticas sociales para dar un piso parejo y generar bienestar.<br>Ante estudiantes reunidos en el auditorio Jorge Carpizo McGregor, Mijes subray\u00f3 que este modelo, implementado con \u00e9xito en Escobedo, prioriza la atracci\u00f3n de inversi\u00f3n, la modernizaci\u00f3n de infraestructura urbana, la mejora de espacios p\u00fablicos y el impulso de programas sociales como Becarios de la Transformaci\u00f3n, que ofrece oportunidades educativas para los j\u00f3venes.<\/p>\n\n\n\n<figure class=\"wp-block-image size-large\"><img loading=\"lazy\" decoding=\"async\" width=\"1024\" height=\"681\" src=\"https:\/\/diariodigitalmx.com\/wp-content\/uploads\/2025\/08\/5008143248702680715-1024x681.jpg\" alt=\"\" class=\"wp-image-139012\" srcset=\"https:\/\/diariodigitalmx.com\/wp-content\/uploads\/2025\/08\/5008143248702680715-1024x681.jpg 1024w, https:\/\/diariodigitalmx.com\/wp-content\/uploads\/2025\/08\/5008143248702680715-300x199.jpg 300w, https:\/\/diariodigitalmx.com\/wp-content\/uploads\/2025\/08\/5008143248702680715-768x511.jpg 768w, https:\/\/diariodigitalmx.com\/wp-content\/uploads\/2025\/08\/5008143248702680715.jpg 1280w\" sizes=\"(max-width: 1024px) 100vw, 1024px\" \/><\/figure>\n\n\n\n<p>\u201cEl reto que tenemos los municipios de Nuevo Le\u00f3n es construir una visi\u00f3n de estado. Necesitamos tener una visi\u00f3n que nos permita poder planear a largo plazo en conjunto porque tenemos problemas comunes y no tenemos estrategias y soluciones juntas\u201d, expres\u00f3 el Mun\u00edcipe.<br>Asimismo, Mijes convoc\u00f3 a establecer una coordinaci\u00f3n total entre el Gobierno Federal, el Estatal, los Municipios, la iniciativa privada y la sociedad civil, para enfrentar los cinco grandes enemigos de Nuevo Le\u00f3n que son inseguridad, falta de movilidad, desigualdad, p\u00e9rdida de valores y da\u00f1o ambiental.<br>\u201cEstamos listos para dejar de hablar de colaboraci\u00f3n y empezar a ejercerla con hechos\u201d, reiter\u00f3 el Edil.<\/p>\n\n\n\n<p>Mijes destac\u00f3 que la 4T Norte\u00f1a est\u00e1 alineada al Plan M\u00e9xico de la Presidenta Claudia Sheinbaum, lo que garantiza una pol\u00edtica metropolitana coordinada, enfocada en generar oportunidades y prosperidad compartida.<br>En el encuentro participaron tambi\u00e9n Alcaldes de Monterrey, Apodaca, Guadalupe y San Nicol\u00e1s, as\u00ed como un representante de San Pedro, quienes coincidieron en la necesidad de impulsar una agenda com\u00fan que priorice el bienestar de todas las familias nuevoleonesas.<\/p>\n","protected":false},"excerpt":{"rendered":"<p>El Alcalde Andr\u00e9s Mijes afirm\u00f3 este mi\u00e9rcoles que la 4T Norte\u00f1a representa una visi\u00f3n de estado que transforma la manera de gobernar, al combinar pol\u00edticas p\u00fablicas innovadoras que equilibran desarrolloecon\u00f3mico y justicia social, para garantizar prosperidad para todos. Durante su participaci\u00f3n en el foro universitario: \u201cDesaf\u00edos y Oportunidades en la Gesti\u00f3n Municipal Metropolitana\u201d, organizado por [&hellip;]<\/p>\n","protected":false},"author":1,"featured_media":139011,"comment_status":"open","ping_status":"open","sticky":false,"template":"","format":"standard","meta":{"footnotes":""},"categories":[6],"tags":[],"_links":{"self":[{"href":"https:\/\/diariodigitalmx.com\/index.php\/wp-json\/wp\/v2\/posts\/139009"}],"collection":[{"href":"https:\/\/diariodigitalmx.com\/index.php\/wp-json\/wp\/v2\/posts"}],"about":[{"href":"https:\/\/diariodigitalmx.com\/index.php\/wp-json\/wp\/v2\/types\/post"}],"author":[{"embeddable":true,"href":"https:\/\/diariodigitalmx.com\/index.php\/wp-json\/wp\/v2\/users\/1"}],"replies":[{"embeddable":true,"href":"https:\/\/diariodigitalmx.com\/index.php\/wp-json\/wp\/v2\/comments?post=139009"}],"version-history":[{"count":2,"href":"https:\/\/diariodigitalmx.com\/index.php\/wp-json\/wp\/v2\/posts\/139009\/revisions"}],"predecessor-version":[{"id":139015,"href":"https:\/\/diariodigitalmx.com\/index.php\/wp-json\/wp\/v2\/posts\/139009\/revisions\/139015"}],"wp:featuredmedia":[{"embeddable":true,"href":"https:\/\/diariodigitalmx.com\/index.php\/wp-json\/wp\/v2\/media\/139011"}],"wp:attachment":[{"href":"https:\/\/diariodigitalmx.com\/index.php\/wp-json\/wp\/v2\/media?parent=139009"}],"wp:term":[{"taxonomy":"category","embeddable":true,"href":"https:\/\/diariodigitalmx.com\/index.php\/wp-json\/wp\/v2\/categories?post=139009"},{"taxonomy":"post_tag","embeddable":true,"href":"https:\/\/diariodigitalmx.com\/index.php\/wp-json\/wp\/v2\/tags?post=139009"}],"curies":[{"name":"wp","href":"https:\/\/api.w.org\/{rel}","templated":true}]}}