{"id":139110,"date":"2025-09-01T05:30:22","date_gmt":"2025-09-01T11:30:22","guid":{"rendered":"https:\/\/diariodigitalmx.com\/?p=139110"},"modified":"2025-09-01T05:58:03","modified_gmt":"2025-09-01T11:58:03","slug":"139110","status":"publish","type":"post","link":"https:\/\/diariodigitalmx.com\/index.php\/2025\/09\/01\/139110\/","title":{"rendered":"Nuevo amanecer"},"content":{"rendered":"\n<p>De frente y de perfil<\/p>\n\n\n\n<p>Ram\u00f3n Zurita Sahag\u00fan<\/p>\n\n\n\n<p>Septiembre inicia con auspicios favorables en el Poder Legislativo.<\/p>\n\n\n\n<p>Se fue el personaje que tensaba las cosas y presid\u00eda una de las dos c\u00e1maras del Congreso de la Uni\u00f3n.<\/p>\n\n\n\n<p>No se despidi\u00f3 como \u00e9l sent\u00eda que deb\u00eda ser, en medio de reconocimientos, aplausos y v\u00edtores.<\/p>\n\n\n\n<p>Consolid\u00f3 su presencia como personaje, pero al mismo tiempo se convirti\u00f3 en el villano favorito del momento.<\/p>\n\n\n\n<p>El nombre de Gerardo Fern\u00e1ndez Noro\u00f1a se le atraganta a un elevado n\u00famero de personas, por su terrible y pat\u00e9tico desempe\u00f1o en la llamada C\u00e1mara alta.<\/p>\n\n\n\n<p>Ya no se discute si el Congreso se ve manchado por este tipo de situaciones (el enfrentamiento entre Fern\u00e1ndez Noro\u00f1a y Alejandro Moreno), un elevado n\u00famero de ciudadanos consideran que Gerardo se hizo acreedor a eso con sus desplantes y su manejo voluntarioso de la mesa directiva.<\/p>\n\n\n\n<p>Si bien sus compa\u00f1eros de partido no lo dicen abiertamente, la mayor\u00eda est\u00e1 de acuerdo que Gerardo se merec\u00eda una zarandeada, como la que le dieron el mi\u00e9rcoles pasado.<\/p>\n\n\n\n<p>Liberado ya del peso de presidir las sesiones de la C\u00e1mara de Senadores, Fern\u00e1ndez Noro\u00f1a queda sin todo el oropel que da encabezar una de las dos mesas directivas del Poder Legislativo.<\/p>\n\n\n\n<p>Ahora ser\u00e1 un senador m\u00e1s, sin los privilegios de tantos asistentes, ni algunas otras libertades que da el presidir la C\u00e1mara correspondiente.<\/p>\n\n\n\n<p>Gerardo pasa por un mal momento. Por un lado se considera ultrajado por la osad\u00eda se ser golpeado por el dirigente nacional priista, Alejandro Moreno C\u00e1rdenas. Por otra parte, sus ingresos bajar\u00e1n sensiblemente, al perderse los beneficios que da el presidir una de las c\u00e1maras del Congreso de la Uni\u00f3n.<\/p>\n\n\n\n<p>Sin embargo, lo m\u00e1s preocupante para Gerardo Fern\u00e1ndez Noro\u00f1a es que lleg\u00f3 la hora de la verdad y tendr\u00e1 que rendir cuentas sobre la compra de su casa en Tepoztl\u00e1n, sus ingresos por donativos, la denuncia que present\u00f3 su expareja (Martha Ojeda) y se encuentra dormida, adem\u00e1s de otros agravios que le ser\u00e1n endosados.<\/p>\n\n\n\n<p>Gerardo crey\u00f3 que hab\u00eda llegado su momento de gloria y quer\u00eda empezar su lanzamiento como figura popular con vistas al a\u00f1o 2030 y la candidatura presidencial, aunque lo ocurrido es una lecci\u00f3n que debe aprender.<\/p>\n\n\n\n<p>El momento es para que Gerardo muestre durante un tiempo un bajo perfil y que aprenda a convivir con sus compa\u00f1eros de esca\u00f1o, sin \u00ednfulas de ninguna clase, para recuperar parte de lo perdido.<\/p>\n\n\n\n<p>Recuperar su presencia en redes y dejar de ser objeto de los memes es cuesti\u00f3n de tiempo y Gerardo debe evaluar si cambia de estrategia o sigue con la misma que ya no le redit\u00faa los resultados que esperaba.<\/p>\n\n\n\n<p>&nbsp; &nbsp; &nbsp; &nbsp; &nbsp; &nbsp; &nbsp; &nbsp; &nbsp; &nbsp; &nbsp; &nbsp; &nbsp; &nbsp; &nbsp; &nbsp; &nbsp; &nbsp; &nbsp; &nbsp; &nbsp; &nbsp; &nbsp; &nbsp; &nbsp; &nbsp; &nbsp; &nbsp; &nbsp; &nbsp; &nbsp; &nbsp; &nbsp; &nbsp; &nbsp; &nbsp; &nbsp; &nbsp; &nbsp; &nbsp;\u2026\u2026\u2026\u2026\u2026\u2026..<\/p>\n\n\n\n<p>Once meses despu\u00e9s de su toma de posesi\u00f3n, la Presidenta Claudia Sheinbaum Pardo, rendir\u00e1 su primer informe de gobierno. No se esperan sorpresas en el documento, ya que en realidad es una rendici\u00f3n de cuentas, en las narra los primeros meses de su gobierno. Claudia llega con una gran popularidad, la que se mantiene en v\u00edsperas de cumplir un a\u00f1o como gobernante y algunas de las acciones emprendidas est\u00e1n dando resultados, otras m\u00e1s son esperadas para ver si funcionan o no y uno de los temas principales es la defensa de la soberan\u00eda, la que ha refrendado una y otra vez para normar las relaciones con el gobierno de Estados Unidos\u2026El semblante lo mantuvieron serios los diputados Ricardo Monreal, Pedro Haces, Sergio Guti\u00e9rrez Luna y otros m\u00e1s cuando la secretaria de Gobernaci\u00f3n les record\u00f3 que la austeridad no es un slogan.<\/p>\n\n\n\n<p>Email:&nbsp;<a href=\"mailto:ramonzurita44@hotmail.com\" target=\"_blank\" rel=\"noreferrer noopener\">ramonzurita44@hotmail.com<\/a><\/p>\n\n\n\n<p>Email:&nbsp;<a href=\"mailto:ramonzurita44@gmail.com\" target=\"_blank\" rel=\"noreferrer noopener\">ramonzurita44@gmail.com<\/a><\/p>\n","protected":false},"excerpt":{"rendered":"<p>De frente y de perfil Ram\u00f3n Zurita Sahag\u00fan Septiembre inicia con auspicios favorables en el Poder Legislativo. Se fue el personaje que tensaba las cosas y presid\u00eda una de las dos c\u00e1maras del Congreso de la Uni\u00f3n. No se despidi\u00f3 como \u00e9l sent\u00eda que deb\u00eda ser, en medio de reconocimientos, aplausos y v\u00edtores. Consolid\u00f3 su [&hellip;]<\/p>\n","protected":false},"author":1,"featured_media":139121,"comment_status":"open","ping_status":"open","sticky":false,"template":"","format":"standard","meta":{"footnotes":""},"categories":[12],"tags":[],"_links":{"self":[{"href":"https:\/\/diariodigitalmx.com\/index.php\/wp-json\/wp\/v2\/posts\/139110"}],"collection":[{"href":"https:\/\/diariodigitalmx.com\/index.php\/wp-json\/wp\/v2\/posts"}],"about":[{"href":"https:\/\/diariodigitalmx.com\/index.php\/wp-json\/wp\/v2\/types\/post"}],"author":[{"embeddable":true,"href":"https:\/\/diariodigitalmx.com\/index.php\/wp-json\/wp\/v2\/users\/1"}],"replies":[{"embeddable":true,"href":"https:\/\/diariodigitalmx.com\/index.php\/wp-json\/wp\/v2\/comments?post=139110"}],"version-history":[{"count":2,"href":"https:\/\/diariodigitalmx.com\/index.php\/wp-json\/wp\/v2\/posts\/139110\/revisions"}],"predecessor-version":[{"id":139112,"href":"https:\/\/diariodigitalmx.com\/index.php\/wp-json\/wp\/v2\/posts\/139110\/revisions\/139112"}],"wp:featuredmedia":[{"embeddable":true,"href":"https:\/\/diariodigitalmx.com\/index.php\/wp-json\/wp\/v2\/media\/139121"}],"wp:attachment":[{"href":"https:\/\/diariodigitalmx.com\/index.php\/wp-json\/wp\/v2\/media?parent=139110"}],"wp:term":[{"taxonomy":"category","embeddable":true,"href":"https:\/\/diariodigitalmx.com\/index.php\/wp-json\/wp\/v2\/categories?post=139110"},{"taxonomy":"post_tag","embeddable":true,"href":"https:\/\/diariodigitalmx.com\/index.php\/wp-json\/wp\/v2\/tags?post=139110"}],"curies":[{"name":"wp","href":"https:\/\/api.w.org\/{rel}","templated":true}]}}