{"id":139115,"date":"2025-09-01T05:34:30","date_gmt":"2025-09-01T11:34:30","guid":{"rendered":"https:\/\/diariodigitalmx.com\/?p=139115"},"modified":"2025-09-01T05:51:50","modified_gmt":"2025-09-01T11:51:50","slug":"quien-gana-y-quien-pierde-2","status":"publish","type":"post","link":"https:\/\/diariodigitalmx.com\/index.php\/2025\/09\/01\/quien-gana-y-quien-pierde-2\/","title":{"rendered":"\u00bfQui\u00e9n gana y qui\u00e9n pierde?"},"content":{"rendered":"\n<p>Por Manuel CARMONA<\/p>\n\n\n\n<p>Cada uno ve lo que le conviene, es propio de la condici\u00f3n humana y eso ocurre mucho m\u00e1s a menudo en la pol\u00edtica, por eso en el vergonzoso espect\u00e1culo que se vivi\u00f3 en la tribuna del Senado de la Rep\u00fablica el jueves de la semana pasada, lo que ha predominado son las porras y\/o las expresiones de repudio hacia el senador&nbsp; pri\u00edsta Alejandro Moreno (Alito) \u00f3 hacia el senador&nbsp; morenista Gerardo Fern\u00e1ndez Noro\u00f1a, PERO LO QUE HA ESCASEADO ES UN AN\u00c1LISIS SERIO y objetivo de los acontecimientos.<\/p>\n\n\n\n<p>En s\u00edntesis lo que ha prevalecido es un fuerte debate para repartir culpas entre pr\u00edistas y morenistas y ver quien puede apropiarse del rol de la v\u00edctima en este zafarrancho, para de ese modo dejar en mal al bando contrario, quien tendr\u00eda que quedarse con la etiqueta de agresor e instigador de la violencia.<\/p>\n\n\n\n<p>PERO LO QUE PARADOJICAMENTE NO HEMOS ESCUCHADO HASTA EL DIA DE HOY es un posicionamiento claro y contundente para CONDENAR LA VIOLENCIA como instrumento para dirimir las diferencias en la m\u00e1xima tribuna del pa\u00eds, lo cual preocupa a\u00fan m\u00e1s, YA QUE ES LO MAS IMPORTANTE, el rechazo que deber\u00edamos expresar TODOS hacia una clase pol\u00edtica que ha renunciado al di\u00e1logo y a la civilidad, para imponer el salvajismo como el lenguaje cada vez m\u00e1s recurrente en la vida parlamentaria.<\/p>\n\n\n\n<p>Llama todav\u00eda m\u00e1s la atenci\u00f3n que c\u00f3modamente el Partido Acci\u00f3n Nacional y Movimiento Ciudadano, hayan jugado al fuera de lugar en este deplorable episodio e incluso se hayan ausentado de la sesi\u00f3n en la Comisi\u00f3n Permanente del pasado viernes, donde&nbsp; se anunci\u00f3 que Morena emitir\u00eda una condena por la agresi\u00f3n contra su Presidente de la mesa directiva y NO POR LOS REPROBABLES ACONTECIMIENTOS escenificados en el recinto. No por el uso de la violencia en s\u00ed misma, sino porque consideran que ALGUIEN LESIONO LA INVESTIDURA y EL&nbsp; EGO de Fern\u00e1ndez Noro\u00f1a.<\/p>\n\n\n\n<p>PAN&nbsp; y MC prefirieron quedar al margen, cuidar la figura y no aparecer, ni apoyando a uno ni a otro, como si el bochornoso suceso no hubiera ocurrido nunca, lo cual es indigno de cualquier partido que se precie ser de oposici\u00f3n, de solo jugar un rol testimonial en el debate pol\u00edtico.<\/p>\n\n\n\n<p>Pero m\u00e1s all\u00e1 de pretender justificar, ni de darle la raz\u00f3n a NINGUNO DE LOS DOS protagonistas en el ring legislativo, sino de&nbsp; PONER EN SU JUSTA DIMENSION lo ocurrido, estoy plenamente convencido que el senador pri\u00edsta y su partido no tienen nada que perder. El PRI est\u00e1 al borde de la extinci\u00f3n y Alejandro Moreno ya tiene un lugar privilegiado en la galer\u00eda de los pol\u00edticos impresentables de este pa\u00eds. Ya toc\u00f3 fondo, no tiene nada que perder, PERO NO OCURRE LO MISMO CON FERNANDEZ NORO\u00d1A, \u00e9l actualmente es una de las figuras m\u00e1s prominentes del partido en el poder y su actuaci\u00f3n&nbsp; p\u00fablica debiera ser m\u00e1s encausada por las repercusiones que trae consigo para el movimiento de la Cuarta Transformaci\u00f3n al que pertenece.<\/p>\n\n\n\n<p>No es un militante m\u00e1s, es un personaje de la izquierda, con un carga de representaci\u00f3n del partido en el poder, que naturalmente est\u00e1 bajo permanente observaci\u00f3n y evaluaci\u00f3n por parte del electorado, por eso debiera con un sentido de responsabilidad que carece ser m\u00e1s cuidadoso en sus acciones y omisiones como parte del Poder Legislativo.<\/p>\n\n\n\n<p>Es del dominio p\u00fablico, que es un hombre bastante culto, un gran orador y en las \u00faltimas dos d\u00e9cadas fue construyendo y consolidando&nbsp; un importante posicionamiento como OPOSITOR y actor en el \u00e1mbito parlamentario.<\/p>\n\n\n\n<p>Incluso lleg\u00f3 a crecer tanto que aunque no gan\u00f3 el proceso interno de Morena para ser candidato a la Presidencia de la Rep\u00fablica el a\u00f1o pasado, FUE UN ASPIRANTE FUERTE y en votos super\u00f3 a otros pesos pesados como Ricardo Monreal y Ad\u00e1n Augusto L\u00f3pez, lo que le vali\u00f3 la oportunidad de ser senador por la v\u00eda plurinominal y a partir del 29 de agosto del 2024 nombrado Presidente de la Mesa Directiva de la C\u00e1mara Alta del Congreso de la Uni\u00f3n por un a\u00f1o.<\/p>\n\n\n\n<p>Fue a partir de esta fecha en que se dispar\u00f3 su relevancia pol\u00edtica en el plano nacional, lo cual lo llev\u00f3 a perder el piso para empezar a incurrir en una serie interminable de acciones, que han sido motivo de reiterada desaprobaci\u00f3n por amplios sectores de la poblaci\u00f3n e incluso hasta por muchos militantes y personajes de Morena.<\/p>\n\n\n\n<p>A partir de que fue nombrado Presidente de uno de los Poderes de la Uni\u00f3n, comenzaron los frecuentes viajes al extranjero en primera clase, las compras en tiendas de lujo, las camionetas Volvo y las encendidas pol\u00e9micas a diestra y siniestra con las figuras de todos los partidos de oposici\u00f3n e incluso hasta la abierta rebeld\u00eda de hacer caso omiso a los exhortos presidenciales a ce\u00f1irse a los principios de austeridad de Morena y conducirse sin hacer ostentaci\u00f3n p\u00fablica de sus derroches.<\/p>\n\n\n\n<p>El cl\u00edmax de sus esc\u00e1ndalos lleg\u00f3 cuando \u00e9l mismo hizo p\u00fablica la compra de un inmueble en Tepoztl\u00e1n con valor de 12 millones de pesos, situaci\u00f3n que le ha valido una avalancha de cr\u00edticas que lo est\u00e1 colocando en estos momentos como un gran pasivo para Morena y cada vez le cuesta m\u00e1s trabajo a la Presidenta de la Rep\u00fablica tratar de defenderlo.<\/p>\n\n\n\n<p>Esa es la gran diferencia en el zafarrancho del jueves 28 de agosto, el senador pri\u00edsta Alejandro Morena ya no puede caer m\u00e1s, por lo tanto la estrategia de descalificarlo es una verdadera ociosidad, pero\u2026..los negativos del senador Gerardo Fern\u00e1ndez Noro\u00f1a S\u00cd SE TRADUCEN EN UN COSTO POL\u00cdTICO para el partido gobernante y eso no es bueno tomando en consideraci\u00f3n que el 2027 est\u00e1 a la vuelta de la esquina.<\/p>\n\n\n\n<p>* El autor es abogado, escritor y analista pol\u00edtico.<\/p>\n","protected":false},"excerpt":{"rendered":"<p>Por Manuel CARMONA Cada uno ve lo que le conviene, es propio de la condici\u00f3n humana y eso ocurre mucho m\u00e1s a menudo en la pol\u00edtica, por eso en el vergonzoso espect\u00e1culo que se vivi\u00f3 en la tribuna del Senado de la Rep\u00fablica el jueves de la semana pasada, lo que ha predominado son las [&hellip;]<\/p>\n","protected":false},"author":1,"featured_media":138909,"comment_status":"open","ping_status":"open","sticky":false,"template":"","format":"standard","meta":{"footnotes":""},"categories":[12],"tags":[],"_links":{"self":[{"href":"https:\/\/diariodigitalmx.com\/index.php\/wp-json\/wp\/v2\/posts\/139115"}],"collection":[{"href":"https:\/\/diariodigitalmx.com\/index.php\/wp-json\/wp\/v2\/posts"}],"about":[{"href":"https:\/\/diariodigitalmx.com\/index.php\/wp-json\/wp\/v2\/types\/post"}],"author":[{"embeddable":true,"href":"https:\/\/diariodigitalmx.com\/index.php\/wp-json\/wp\/v2\/users\/1"}],"replies":[{"embeddable":true,"href":"https:\/\/diariodigitalmx.com\/index.php\/wp-json\/wp\/v2\/comments?post=139115"}],"version-history":[{"count":1,"href":"https:\/\/diariodigitalmx.com\/index.php\/wp-json\/wp\/v2\/posts\/139115\/revisions"}],"predecessor-version":[{"id":139116,"href":"https:\/\/diariodigitalmx.com\/index.php\/wp-json\/wp\/v2\/posts\/139115\/revisions\/139116"}],"wp:featuredmedia":[{"embeddable":true,"href":"https:\/\/diariodigitalmx.com\/index.php\/wp-json\/wp\/v2\/media\/138909"}],"wp:attachment":[{"href":"https:\/\/diariodigitalmx.com\/index.php\/wp-json\/wp\/v2\/media?parent=139115"}],"wp:term":[{"taxonomy":"category","embeddable":true,"href":"https:\/\/diariodigitalmx.com\/index.php\/wp-json\/wp\/v2\/categories?post=139115"},{"taxonomy":"post_tag","embeddable":true,"href":"https:\/\/diariodigitalmx.com\/index.php\/wp-json\/wp\/v2\/tags?post=139115"}],"curies":[{"name":"wp","href":"https:\/\/api.w.org\/{rel}","templated":true}]}}