{"id":139158,"date":"2025-09-02T05:33:57","date_gmt":"2025-09-02T11:33:57","guid":{"rendered":"https:\/\/diariodigitalmx.com\/?p=139158"},"modified":"2025-09-02T05:41:22","modified_gmt":"2025-09-02T11:41:22","slug":"garcia-marquez-al-escenario","status":"publish","type":"post","link":"https:\/\/diariodigitalmx.com\/index.php\/2025\/09\/02\/garcia-marquez-al-escenario\/","title":{"rendered":"Garc\u00eda M\u00e1rquez al escenario"},"content":{"rendered":"\n<p>Gabriel Contreras<\/p>\n\n\n\n<p>b<a href=\"mailto:Bodegadeescritos@gmail.com\" target=\"_blank\" rel=\"noreferrer noopener\">odegadeescritos@gmail.com<\/a><\/p>\n\n\n\n<p>WhatsApp 811 314 41 14<\/p>\n\n\n\n<p>Petrikov nos dice: \u201cesta es una adaptaci\u00f3n que realizo del cuento de Garc\u00eda M\u00e1rquez, publicado en su libro \u201cDoce cuentos peregrinos\u201d, del a\u00f1o 92. Este mon\u00f3logo se desarrolla as\u00ed: es lo que le sucede a Mar\u00eda, quien termina varada en la carretera, y despu\u00e9s en un sanatorio mental\u2026 Nos parece muy interesante desde el punto de vista social, ya que muestra como la salud mental est\u00e1 a veces en manos de cierto personal que\u2026 a veces no se da cuenta o no se quiere dar cuenta y\u2026vaya, no todos estamos sanos mentalmente. El asunto es que Mar\u00eda pasa peripecias, tragedias y dem\u00e1s, todo eso encerrada en el sanatorio sin tener un problema real. Este mon\u00f3logo lo lo act\u00faa Hilda Garza. Ella ha hecho anteriormente teatro y tambi\u00e9n participaci\u00f3n en radio y televisi\u00f3n. En fin, todo est\u00e1 listo para estrenarse este s\u00e1bado 6 de septiembre. Lo estrenamos en Caf\u00e9 Teatro a las ocho de la noche\u2026<\/p>\n","protected":false},"excerpt":{"rendered":"<p>Gabriel Contreras bodegadeescritos@gmail.com WhatsApp 811 314 41 14 Petrikov nos dice: \u201cesta es una adaptaci\u00f3n que realizo del cuento de Garc\u00eda M\u00e1rquez, publicado en su libro \u201cDoce cuentos peregrinos\u201d, del a\u00f1o 92. Este mon\u00f3logo se desarrolla as\u00ed: es lo que le sucede a Mar\u00eda, quien termina varada en la carretera, y despu\u00e9s en un sanatorio [&hellip;]<\/p>\n","protected":false},"author":1,"featured_media":139162,"comment_status":"open","ping_status":"open","sticky":false,"template":"","format":"standard","meta":{"footnotes":""},"categories":[12],"tags":[],"_links":{"self":[{"href":"https:\/\/diariodigitalmx.com\/index.php\/wp-json\/wp\/v2\/posts\/139158"}],"collection":[{"href":"https:\/\/diariodigitalmx.com\/index.php\/wp-json\/wp\/v2\/posts"}],"about":[{"href":"https:\/\/diariodigitalmx.com\/index.php\/wp-json\/wp\/v2\/types\/post"}],"author":[{"embeddable":true,"href":"https:\/\/diariodigitalmx.com\/index.php\/wp-json\/wp\/v2\/users\/1"}],"replies":[{"embeddable":true,"href":"https:\/\/diariodigitalmx.com\/index.php\/wp-json\/wp\/v2\/comments?post=139158"}],"version-history":[{"count":1,"href":"https:\/\/diariodigitalmx.com\/index.php\/wp-json\/wp\/v2\/posts\/139158\/revisions"}],"predecessor-version":[{"id":139159,"href":"https:\/\/diariodigitalmx.com\/index.php\/wp-json\/wp\/v2\/posts\/139158\/revisions\/139159"}],"wp:featuredmedia":[{"embeddable":true,"href":"https:\/\/diariodigitalmx.com\/index.php\/wp-json\/wp\/v2\/media\/139162"}],"wp:attachment":[{"href":"https:\/\/diariodigitalmx.com\/index.php\/wp-json\/wp\/v2\/media?parent=139158"}],"wp:term":[{"taxonomy":"category","embeddable":true,"href":"https:\/\/diariodigitalmx.com\/index.php\/wp-json\/wp\/v2\/categories?post=139158"},{"taxonomy":"post_tag","embeddable":true,"href":"https:\/\/diariodigitalmx.com\/index.php\/wp-json\/wp\/v2\/tags?post=139158"}],"curies":[{"name":"wp","href":"https:\/\/api.w.org\/{rel}","templated":true}]}}