{"id":139179,"date":"2025-09-02T20:33:16","date_gmt":"2025-09-03T02:33:16","guid":{"rendered":"https:\/\/diariodigitalmx.com\/?p=139179"},"modified":"2025-09-02T20:41:42","modified_gmt":"2025-09-03T02:41:42","slug":"van-escobedo-y-la-u-erre-por-un-gobierno-eficaz","status":"publish","type":"post","link":"https:\/\/diariodigitalmx.com\/index.php\/2025\/09\/02\/van-escobedo-y-la-u-erre-por-un-gobierno-eficaz\/","title":{"rendered":"Van Escobedo y la U-ERRE por un gobierno eficaz"},"content":{"rendered":"\n<figure class=\"wp-block-image size-large\"><img loading=\"lazy\" decoding=\"async\" width=\"1024\" height=\"685\" src=\"https:\/\/diariodigitalmx.com\/wp-content\/uploads\/2025\/09\/IMG_0380-1024x685.jpg\" alt=\"\" class=\"wp-image-139185\" srcset=\"https:\/\/diariodigitalmx.com\/wp-content\/uploads\/2025\/09\/IMG_0380-1024x685.jpg 1024w, https:\/\/diariodigitalmx.com\/wp-content\/uploads\/2025\/09\/IMG_0380-300x201.jpg 300w, https:\/\/diariodigitalmx.com\/wp-content\/uploads\/2025\/09\/IMG_0380-768x514.jpg 768w, https:\/\/diariodigitalmx.com\/wp-content\/uploads\/2025\/09\/IMG_0380-1536x1028.jpg 1536w, https:\/\/diariodigitalmx.com\/wp-content\/uploads\/2025\/09\/IMG_0380-2048x1370.jpg 2048w\" sizes=\"(max-width: 1024px) 100vw, 1024px\" \/><\/figure>\n\n\n\n<p>La 4T Norte\u00f1a y la Universidad Regiomontana (U-ERRE) firmaron un convenio de colaboraci\u00f3n para impulsar la profesionalizaci\u00f3n de los servidores p\u00fablicos y trabajar en pol\u00edticas p\u00fablicas en beneficio de Escobedo y todo Nuevo Le\u00f3n.<br>El acuerdo fue signado por el Alcalde Andr\u00e9s Mijes y el Rector de la U- ERRE, \u00c1ngel Cas\u00e1n, quienes destacaron que la alianza permitir\u00e1 a los trabajadores municipales y a sus familias acceder a becas para continuar su formaci\u00f3n en \u00e1reas clave para el desarrollo local.<br>De acuerdo con Mijes, cuando una administraci\u00f3n est\u00e1 integrada por mujeres y hombres que entienden que gobernar no es figurar, sino servir, se construyen gobiernos eficaces.<br>\u201cEste convenio es una prueba m\u00e1s de que el Crecimiento Equitativo se puede hacer realidad en lo local, en la vida de cada trabajador, de cada joven y de cada familia. Es un paso m\u00e1s para demostrar que la alianza entre universidad y gobierno no solo forma estudiantes, sino que forma ciudadan\u00eda, genera confianza y siembra futuro\u201d, expres\u00f3.<br>Y a\u00f1adi\u00f3 que la educaci\u00f3n es el puente que convierte el esfuerzo individual en bienestar colectivo.<br>\u201cEste tipo de alianzas educativas son la mejor muestra de lo que queremos lograr con nuestro modelo de desarrollo al estilo norte\u00f1o\u201d, expres\u00f3 el Edil.<br>Por su parte Cas\u00e1n celebr\u00f3 la sinergia y asegur\u00f3 que representa una oportunidad \u00fanica para sentar precedentes en la formaci\u00f3n de gobiernos eficientes y m\u00e1s cercanos a la ciudadan\u00eda.<\/p>\n\n\n\n<figure class=\"wp-block-image size-large\"><img loading=\"lazy\" decoding=\"async\" width=\"1024\" height=\"580\" src=\"https:\/\/diariodigitalmx.com\/wp-content\/uploads\/2025\/09\/IMG_0431-1024x580.jpg\" alt=\"\" class=\"wp-image-139183\" srcset=\"https:\/\/diariodigitalmx.com\/wp-content\/uploads\/2025\/09\/IMG_0431-1024x580.jpg 1024w, https:\/\/diariodigitalmx.com\/wp-content\/uploads\/2025\/09\/IMG_0431-300x170.jpg 300w, https:\/\/diariodigitalmx.com\/wp-content\/uploads\/2025\/09\/IMG_0431-768x435.jpg 768w, https:\/\/diariodigitalmx.com\/wp-content\/uploads\/2025\/09\/IMG_0431-1536x870.jpg 1536w, https:\/\/diariodigitalmx.com\/wp-content\/uploads\/2025\/09\/IMG_0431-2048x1161.jpg 2048w\" sizes=\"(max-width: 1024px) 100vw, 1024px\" \/><\/figure>\n\n\n\n<p>Agreg\u00f3 que esta alianza elevar\u00e1 el nivel de preparaci\u00f3n de los servidores p\u00fablicos, formando perfiles con visi\u00f3n de Estado, compromiso social y enfoque t\u00e9cnico, listos para enfrentar los desaf\u00edos de la zona metropolitana.<br>Mijes tambi\u00e9n record\u00f3 que en su Primer Informe de Gobierno, la presidenta Sheinbaum advirti\u00f3 que el progreso sin justicia no es sostenible ni social, ni econ\u00f3mica, ni pol\u00edticamente.<br>Por ello afirm\u00f3 que con estas alianza se consolidar\u00e1 una red de Transformadores Norte\u00f1os con vocaci\u00f3n p\u00fablica, capacidad t\u00e9cnica y sentido humano, alineados con los principios establecidos por el Gobierno<br>Federal.<\/p>\n","protected":false},"excerpt":{"rendered":"<p>La 4T Norte\u00f1a y la Universidad Regiomontana (U-ERRE) firmaron un convenio de colaboraci\u00f3n para impulsar la profesionalizaci\u00f3n de los servidores p\u00fablicos y trabajar en pol\u00edticas p\u00fablicas en beneficio de Escobedo y todo Nuevo Le\u00f3n.El acuerdo fue signado por el Alcalde Andr\u00e9s Mijes y el Rector de la U- ERRE, \u00c1ngel Cas\u00e1n, quienes destacaron que la [&hellip;]<\/p>\n","protected":false},"author":1,"featured_media":139182,"comment_status":"open","ping_status":"open","sticky":false,"template":"","format":"standard","meta":{"footnotes":""},"categories":[6],"tags":[],"_links":{"self":[{"href":"https:\/\/diariodigitalmx.com\/index.php\/wp-json\/wp\/v2\/posts\/139179"}],"collection":[{"href":"https:\/\/diariodigitalmx.com\/index.php\/wp-json\/wp\/v2\/posts"}],"about":[{"href":"https:\/\/diariodigitalmx.com\/index.php\/wp-json\/wp\/v2\/types\/post"}],"author":[{"embeddable":true,"href":"https:\/\/diariodigitalmx.com\/index.php\/wp-json\/wp\/v2\/users\/1"}],"replies":[{"embeddable":true,"href":"https:\/\/diariodigitalmx.com\/index.php\/wp-json\/wp\/v2\/comments?post=139179"}],"version-history":[{"count":2,"href":"https:\/\/diariodigitalmx.com\/index.php\/wp-json\/wp\/v2\/posts\/139179\/revisions"}],"predecessor-version":[{"id":139186,"href":"https:\/\/diariodigitalmx.com\/index.php\/wp-json\/wp\/v2\/posts\/139179\/revisions\/139186"}],"wp:featuredmedia":[{"embeddable":true,"href":"https:\/\/diariodigitalmx.com\/index.php\/wp-json\/wp\/v2\/media\/139182"}],"wp:attachment":[{"href":"https:\/\/diariodigitalmx.com\/index.php\/wp-json\/wp\/v2\/media?parent=139179"}],"wp:term":[{"taxonomy":"category","embeddable":true,"href":"https:\/\/diariodigitalmx.com\/index.php\/wp-json\/wp\/v2\/categories?post=139179"},{"taxonomy":"post_tag","embeddable":true,"href":"https:\/\/diariodigitalmx.com\/index.php\/wp-json\/wp\/v2\/tags?post=139179"}],"curies":[{"name":"wp","href":"https:\/\/api.w.org\/{rel}","templated":true}]}}