{"id":139201,"date":"2025-09-03T21:20:22","date_gmt":"2025-09-04T03:20:22","guid":{"rendered":"https:\/\/diariodigitalmx.com\/?p=139201"},"modified":"2025-09-03T21:36:43","modified_gmt":"2025-09-04T03:36:43","slug":"reactivar-tarifas-preferenciales-a-estudiantes-y-grupos-vulnerables-solicita-rocio-montalvo","status":"publish","type":"post","link":"https:\/\/diariodigitalmx.com\/index.php\/2025\/09\/03\/reactivar-tarifas-preferenciales-a-estudiantes-y-grupos-vulnerables-solicita-rocio-montalvo\/","title":{"rendered":"Reactivar tarifas preferenciales a estudiantes y grupos vulnerables, solicita Roc\u00edo Montalvo"},"content":{"rendered":"\n<p><em>Monterrey. <\/em>\u2014En el marco del regreso a clases, la diputada independiente Roc\u00edo Maybe Montalvo Adame present\u00f3 un urgente Punto de Acuerdo para exigir al gobierno estatal que garantice de inmediato el acceso a las tarifas preferenciales del transporte p\u00fablico a estudiantes y grupos vulnerables, un derecho consagrado en la ley, pero sistem\u00e1ticamente violado. &#8220;Cada peso que un estudiante o un adulto mayor gasta de m\u00e1s en el transporte es un peso que le quitamos a su alimentaci\u00f3n, de sus medicinas o a sus materiales educativos. Esta negligencia es inaceptable&#8221;, declar\u00f3 con firmeza la legisladora.<\/p>\n\n\n\n<p>La coordinadora del Grupo Legislativo \u201c\u00danete Pueblo\u201d denunci\u00f3 que la prometida modernizaci\u00f3n del sistema se ha convertido en la mayor barrera para los m\u00e1s vulnerables. A pesar de que el Art\u00edculo 70, Fracci\u00f3n III de la Ley de Movilidad establece estos descuentos obligatorios para estudiantes, adultos mayores, personas con<\/p>\n\n\n\n<p>discapacidad, jubilados y otros m\u00e1s, la combinaci\u00f3n de alzas desproporcionadas y la imposibilidad de registrarse hace que el derecho sea letra muerta. &#8220;El pasaje del Metro subi\u00f3 de $4.50 a $9.40, y el de las rutas &#8216;Muevo Le\u00f3n&#8217; hasta $15.80. Hubo un tarifazo, seguir\u00e1 subiendo y contin\u00faa bloqueada la puerta de acceso a estos descuentos. Es una burla&#8221;, acus\u00f3 Montalvo.<\/p>\n\n\n\n<figure class=\"wp-block-image size-full\"><img loading=\"lazy\" decoding=\"async\" width=\"852\" height=\"750\" src=\"https:\/\/diariodigitalmx.com\/wp-content\/uploads\/2025\/09\/FB_IMG_1756956928634.jpg\" alt=\"\" class=\"wp-image-139207\" srcset=\"https:\/\/diariodigitalmx.com\/wp-content\/uploads\/2025\/09\/FB_IMG_1756956928634.jpg 852w, https:\/\/diariodigitalmx.com\/wp-content\/uploads\/2025\/09\/FB_IMG_1756956928634-300x264.jpg 300w, https:\/\/diariodigitalmx.com\/wp-content\/uploads\/2025\/09\/FB_IMG_1756956928634-768x676.jpg 768w\" sizes=\"(max-width: 852px) 100vw, 852px\" \/><\/figure>\n\n\n\n<p>La crisis se agudiza con el ciclo escolar que reci\u00e9n inici\u00f3. Seg\u00fan reportes de medios, los estudiantes gastan semanalmente entre $200 y $280 pesos en pasajes. &#8220;Pensemos en una madre soltera con dos hijos en la prepa, esto representa un gasto mensual insostenible. El Estado les da la espalda&#8221;, explic\u00f3 la diputada. Adem\u00e1s, dio el ejemplo de que un adulto mayor que utilice el metro dos veces al d\u00eda, destina hasta $558 pesos mensuales en transporte, lo que representa el 18% del monto de una pensi\u00f3n &#8220;Para el Bienestar&#8221;.<\/p>\n\n\n\n<p>Montalvo se\u00f1al\u00f3 que la aplicaci\u00f3n oficial Urbani lleva m\u00e1s de 18 meses con la funci\u00f3n de registro preferencial deshabilitada. S\u00f3lo los estudiantes de la UANL pueden acceder al registro mediante la app universitaria \u201ce-UANL\u201d. La opci\u00f3n presencial es a\u00fan m\u00e1s escandalosa: pocas citas diarias para toda el \u00e1rea metropolitana y un cobro de $30 pesos por la tarjeta. &#8220;Son tr\u00e1mites burocr\u00e1ticos que por s\u00ed solos dejan ver la absoluta falta de voluntad del IMA&#8221;, expres\u00f3.<\/p>\n\n\n\n<p>La legisladora record\u00f3 la iron\u00eda de que este mismo gobierno demostr\u00f3 una capacidad operativa ejemplar para registrar masivamente a personas durante el proceso electoral y repartir el incentivo \u201cMe Muevo\u201d de 225 pesos. &#8220;Si pudieron hacerlo para un programa curiosamente en \u00e9poca de campa\u00f1as, \u00bfpor qu\u00e9 no pueden hacerlo ahora para cumplir la ley? La respuesta es clara: no es un problema de capacidad, es un problema de voluntad pol\u00edtica&#8221;, relat\u00f3 Montalvo.<\/p>\n\n\n\n<p>El Punto de Acuerdo exhorta al gobernador Samuel Garc\u00eda para que gire instrucciones a los titulares del IMA y Metrorrey para actuar en un plazo m\u00e1ximo de 10 d\u00edas h\u00e1biles, y se reactive inmediatamente el registro para la tarifa preferencial para todos los grupos, de forma virtual en la app Urbani y de manera presencial instalando m\u00f3dulos de atenci\u00f3n suficientes en todas las estaciones del Metro sin costo para el usuario, as\u00ed como difundir masivamente el procedimiento para acceder nuevamente al beneficio.<\/p>\n\n\n\n<p>&#8220;La ciudadan\u00eda de Nuevo Le\u00f3n ya no espera m\u00e1s diagn\u00f3sticos. Exige soluciones. No les estamos pidiendo favores a nadie, sino exigiendo el cumplimiento de un derecho que la ley ya les otorg\u00f3. El tiempo de las simulaciones ha terminado&#8221;, advirti\u00f3 la diputada, subrayando que su exhorto busca una acci\u00f3n concreta y urgente que alivie la carga econ\u00f3mica de las familias ante el regreso a clases.&nbsp;<\/p>\n","protected":false},"excerpt":{"rendered":"<p>Monterrey. \u2014En el marco del regreso a clases, la diputada independiente Roc\u00edo Maybe Montalvo Adame present\u00f3 un urgente Punto de Acuerdo para exigir al gobierno estatal que garantice de inmediato el acceso a las tarifas preferenciales del transporte p\u00fablico a estudiantes y grupos vulnerables, un derecho consagrado en la ley, pero sistem\u00e1ticamente violado. &#8220;Cada peso [&hellip;]<\/p>\n","protected":false},"author":1,"featured_media":139206,"comment_status":"open","ping_status":"open","sticky":false,"template":"","format":"standard","meta":{"footnotes":""},"categories":[6,3,5],"tags":[],"_links":{"self":[{"href":"https:\/\/diariodigitalmx.com\/index.php\/wp-json\/wp\/v2\/posts\/139201"}],"collection":[{"href":"https:\/\/diariodigitalmx.com\/index.php\/wp-json\/wp\/v2\/posts"}],"about":[{"href":"https:\/\/diariodigitalmx.com\/index.php\/wp-json\/wp\/v2\/types\/post"}],"author":[{"embeddable":true,"href":"https:\/\/diariodigitalmx.com\/index.php\/wp-json\/wp\/v2\/users\/1"}],"replies":[{"embeddable":true,"href":"https:\/\/diariodigitalmx.com\/index.php\/wp-json\/wp\/v2\/comments?post=139201"}],"version-history":[{"count":2,"href":"https:\/\/diariodigitalmx.com\/index.php\/wp-json\/wp\/v2\/posts\/139201\/revisions"}],"predecessor-version":[{"id":139208,"href":"https:\/\/diariodigitalmx.com\/index.php\/wp-json\/wp\/v2\/posts\/139201\/revisions\/139208"}],"wp:featuredmedia":[{"embeddable":true,"href":"https:\/\/diariodigitalmx.com\/index.php\/wp-json\/wp\/v2\/media\/139206"}],"wp:attachment":[{"href":"https:\/\/diariodigitalmx.com\/index.php\/wp-json\/wp\/v2\/media?parent=139201"}],"wp:term":[{"taxonomy":"category","embeddable":true,"href":"https:\/\/diariodigitalmx.com\/index.php\/wp-json\/wp\/v2\/categories?post=139201"},{"taxonomy":"post_tag","embeddable":true,"href":"https:\/\/diariodigitalmx.com\/index.php\/wp-json\/wp\/v2\/tags?post=139201"}],"curies":[{"name":"wp","href":"https:\/\/api.w.org\/{rel}","templated":true}]}}