{"id":139231,"date":"2025-09-04T08:16:21","date_gmt":"2025-09-04T14:16:21","guid":{"rendered":"https:\/\/diariodigitalmx.com\/?p=139231"},"modified":"2025-09-04T08:16:55","modified_gmt":"2025-09-04T14:16:55","slug":"debemos-actuar","status":"publish","type":"post","link":"https:\/\/diariodigitalmx.com\/index.php\/2025\/09\/04\/debemos-actuar\/","title":{"rendered":"Debemos actuar"},"content":{"rendered":"\n<p>Ra\u00fal Guajardo Cant\u00fa&nbsp;<\/p>\n\n\n\n<p>Como se\u00f1alamos en nuestra anterior colaboraci\u00f3n, para que los ciudadanos de a pie, como usted y como yo, no nos veamos fuera de la toma de decisiones de los pol\u00edticos, debemos organizarnos y participar.<\/p>\n\n\n\n<p>Debemos actuar, ser proactivos y no reactivos, las marchas de la llamada marea rosa nos dejan ver, por ejemplo, que reaccionar a una determinada situaci\u00f3n cuando pr\u00e1cticamente ya est\u00e1 resuelta, no sirve para nada m\u00e1s que para el llamado derecho al pataleo, pero no nos permite involucrarnos en la soluci\u00f3n de los problemas ni en la defensa de nuestros intereses.<\/p>\n\n\n\n<p>Est\u00e1 bien participar en las aplicaciones de redes sociales, comentar en ellas, ese es un tipo de participaci\u00f3n, pero tiene sus l\u00edmites, si no se traduce en votos y en representantes nuestros en los distintos niveles de gobierno y en representantes ante los tres poderes, no sirve para mucho, solo, insistimos, para desahogarnos y patalear, para poco m\u00e1s.<\/p>\n\n\n\n<p>Por ello debemos llevar la participaci\u00f3n a otro nivel, al nivel de la pr\u00e1ctica, que quienes aspiran a llegar ya sea a los poderes legislativo o ejecutivo, en cualquier nivel, sepan que requieren de nosotros, m\u00e1s si desean continuar en sus puestos al siguiente periodo o si buscan avanzar en sus carreras.<\/p>\n\n\n\n<p>Por eso debemos organizarnos en el plano territorial, generar c\u00e9lulas de trabajo en nuestro entorno, con nuestros vecinos, involucrarnos en los procesos de todo tipo, que nuestra voz y nuestro voto pesen.<\/p>\n\n\n\n<p>Es cierto, tiene un costo, en tiempo, quiz\u00e1 en algunos recursos que deberemos utilizar para estar ah\u00ed, pero eso se traducir\u00e1 en mejores condiciones para nosotros, para nuestras familias, para el futuro de nuestros hijos.<\/p>\n\n\n\n<p>Porque, de otra manera, los pol\u00edticos nos buscar\u00e1n durante las campa\u00f1as electorales, intentar\u00e1n que les demos nuestros votos, ya que son muy valiosos para ellos, pero despu\u00e9s, sin organizaci\u00f3n, simplemente se olvidar\u00e1n de que existimos, hasta el siguiente proceso electoral.<\/p>\n\n\n\n<p>Debemos hacer valer las herramientas que tenemos a nuestro alcance para que los pol\u00edticos sepan que tienen que trabajar para nosotros y no solo para ellos, s\u00ed, que logren sus objetivos, pero que para hacerlo, nos ofrezcan mejores servicios p\u00fablicos, que los recursos del erario se aprovechen debidamente y que, si no lo hacen as\u00ed, paguen las consecuencias.<\/p>\n\n\n\n<p>Ya es hora de que los ciudadanos tengamos el peso que merecemos tener, que tenemos en una democracia que, si no la cuidamos, desaparecer\u00e1 en alg\u00fan momento en beneficio de los pol\u00edticos que est\u00e1n en la grilla y que tienen sus cotos de poder.<\/p>\n\n\n\n<p>Insistimos, si no nos organizamos, dedicamos algo de nuestro tiempo, de nuestros esfuerzos y quiz\u00e1 algo de nuestros recursos, dif\u00edcilmente podremos hacer que los pol\u00edticos volteen a vernos una vez que hayan conseguido nuestros votos.<\/p>\n\n\n\n<p>La democracia es, por definici\u00f3n, el gobierno del pueblo y h\u00e1gase usted una pregunta \u00bfactualmente gobierna el pueblo? o m\u00e1s modestamente \u00bfLos pol\u00edticos gobiernan para el pueblo, para nosotros, o lo hacen para cumplir sus objetivos?<\/p>\n\n\n\n<p>Pi\u00e9nselo, pero despu\u00e9s act\u00fae en consecuencia, organice grupos de an\u00e1lisis, de trabajo en su colonia, si gusta, los apoyamos con asesor\u00eda para que lo haga. Que los pol\u00edticos trabajen para nosotros est\u00e1, todav\u00eda, en nuestras manos.<\/p>\n","protected":false},"excerpt":{"rendered":"<p>Ra\u00fal Guajardo Cant\u00fa&nbsp; Como se\u00f1alamos en nuestra anterior colaboraci\u00f3n, para que los ciudadanos de a pie, como usted y como yo, no nos veamos fuera de la toma de decisiones de los pol\u00edticos, debemos organizarnos y participar. Debemos actuar, ser proactivos y no reactivos, las marchas de la llamada marea rosa nos dejan ver, por [&hellip;]<\/p>\n","protected":false},"author":1,"featured_media":138966,"comment_status":"open","ping_status":"open","sticky":false,"template":"","format":"standard","meta":{"footnotes":""},"categories":[12],"tags":[],"_links":{"self":[{"href":"https:\/\/diariodigitalmx.com\/index.php\/wp-json\/wp\/v2\/posts\/139231"}],"collection":[{"href":"https:\/\/diariodigitalmx.com\/index.php\/wp-json\/wp\/v2\/posts"}],"about":[{"href":"https:\/\/diariodigitalmx.com\/index.php\/wp-json\/wp\/v2\/types\/post"}],"author":[{"embeddable":true,"href":"https:\/\/diariodigitalmx.com\/index.php\/wp-json\/wp\/v2\/users\/1"}],"replies":[{"embeddable":true,"href":"https:\/\/diariodigitalmx.com\/index.php\/wp-json\/wp\/v2\/comments?post=139231"}],"version-history":[{"count":1,"href":"https:\/\/diariodigitalmx.com\/index.php\/wp-json\/wp\/v2\/posts\/139231\/revisions"}],"predecessor-version":[{"id":139232,"href":"https:\/\/diariodigitalmx.com\/index.php\/wp-json\/wp\/v2\/posts\/139231\/revisions\/139232"}],"wp:featuredmedia":[{"embeddable":true,"href":"https:\/\/diariodigitalmx.com\/index.php\/wp-json\/wp\/v2\/media\/138966"}],"wp:attachment":[{"href":"https:\/\/diariodigitalmx.com\/index.php\/wp-json\/wp\/v2\/media?parent=139231"}],"wp:term":[{"taxonomy":"category","embeddable":true,"href":"https:\/\/diariodigitalmx.com\/index.php\/wp-json\/wp\/v2\/categories?post=139231"},{"taxonomy":"post_tag","embeddable":true,"href":"https:\/\/diariodigitalmx.com\/index.php\/wp-json\/wp\/v2\/tags?post=139231"}],"curies":[{"name":"wp","href":"https:\/\/api.w.org\/{rel}","templated":true}]}}