{"id":139251,"date":"2025-09-05T17:46:22","date_gmt":"2025-09-05T23:46:22","guid":{"rendered":"https:\/\/diariodigitalmx.com\/?p=139251"},"modified":"2025-09-05T17:50:35","modified_gmt":"2025-09-05T23:50:35","slug":"tendra-mercado-libre-en-escobedo-el-cedis-mas-grande-de-todo-mexico","status":"publish","type":"post","link":"https:\/\/diariodigitalmx.com\/index.php\/2025\/09\/05\/tendra-mercado-libre-en-escobedo-el-cedis-mas-grande-de-todo-mexico\/","title":{"rendered":"Tendr\u00e1 Mercado Libre en Escobedo el CEDIS m\u00e1s grande de todo M\u00e9xico"},"content":{"rendered":"\n<p>En Escobedo, alineado con el Plan M\u00e9xico de la Presidenta Claudia Sheinbaum, avanza la construcci\u00f3n del CEDIS m\u00e1s grande de Mercado Libre en el norte del pa\u00eds, un proyecto que inici\u00f3 de inmediato y que refleja c\u00f3mo el Crecimiento Equitativo se convierte en prosperidad para todos.<br>El Alcalde Andr\u00e9s Mijes supervis\u00f3 los avances del proyecto en el Areya Escobedo Industrial Park, acompa\u00f1ado de directivos de las compa\u00f1\u00edas responsables de esta obra.<br>Mijes subray\u00f3 que esta din\u00e1mica refleja el modelo de la 4T Norte\u00f1a, menfocado en atraer inversi\u00f3n con seguridad jur\u00eddica, tr\u00e1mites digitales y acompa\u00f1amiento permanente.<\/p>\n\n\n\n<figure class=\"wp-block-image size-large\"><img loading=\"lazy\" decoding=\"async\" width=\"1024\" height=\"683\" src=\"https:\/\/diariodigitalmx.com\/wp-content\/uploads\/2025\/09\/Q9A8284-1024x683.jpg\" alt=\"\" class=\"wp-image-139255\" srcset=\"https:\/\/diariodigitalmx.com\/wp-content\/uploads\/2025\/09\/Q9A8284-1024x683.jpg 1024w, https:\/\/diariodigitalmx.com\/wp-content\/uploads\/2025\/09\/Q9A8284-300x200.jpg 300w, https:\/\/diariodigitalmx.com\/wp-content\/uploads\/2025\/09\/Q9A8284-768x512.jpg 768w, https:\/\/diariodigitalmx.com\/wp-content\/uploads\/2025\/09\/Q9A8284-1536x1024.jpg 1536w, https:\/\/diariodigitalmx.com\/wp-content\/uploads\/2025\/09\/Q9A8284-2048x1365.jpg 2048w\" sizes=\"(max-width: 1024px) 100vw, 1024px\" \/><\/figure>\n\n\n\n<p>\u201cEs la idea de apoyar a los empresarios a que desarrollen sus empresas y sus negocios, a que generen empleo para que as\u00ed podamos generar prosperidad, generar riqueza para despu\u00e9s compartir prosperidad\u201d, expres\u00f3.<br>A\u00f1adi\u00f3 que Escobedo ha dise\u00f1ado pol\u00edticas p\u00fablicas espec\u00edficas para incentivar la inversi\u00f3n, consolidando al municipio como un epicentro log\u00edstico del pa\u00eds y demostrando que el Crecimiento Equitativo ya es una<br>realidad en el territorio.<br>El proyecto, refiri\u00f3 Mijes, refleja la visi\u00f3n de la Presidenta Claudia Sheinbaum de impulsar un Crecimiento Equitativo, donde el desarrollo econ\u00f3mico se vincula con el bienestar social.<br>El Director Industrial de Areya, Crist\u00f3bal Ruelas, destac\u00f3 que Escobedo es el \u00fanico municipio de todo M\u00e9xico con tr\u00e1mites en l\u00ednea, lo que elimina trabas burocr\u00e1ticas y permite que proyectos de gran magnitud como este se desarrollen con rapidez y certeza.<\/p>\n\n\n\n<figure class=\"wp-block-image size-large\"><img loading=\"lazy\" decoding=\"async\" width=\"1024\" height=\"683\" src=\"https:\/\/diariodigitalmx.com\/wp-content\/uploads\/2025\/09\/Q9A8485-1024x683.jpg\" alt=\"\" class=\"wp-image-139256\" srcset=\"https:\/\/diariodigitalmx.com\/wp-content\/uploads\/2025\/09\/Q9A8485-1024x683.jpg 1024w, https:\/\/diariodigitalmx.com\/wp-content\/uploads\/2025\/09\/Q9A8485-300x200.jpg 300w, https:\/\/diariodigitalmx.com\/wp-content\/uploads\/2025\/09\/Q9A8485-768x512.jpg 768w, https:\/\/diariodigitalmx.com\/wp-content\/uploads\/2025\/09\/Q9A8485-1536x1024.jpg 1536w, https:\/\/diariodigitalmx.com\/wp-content\/uploads\/2025\/09\/Q9A8485-2048x1365.jpg 2048w\" sizes=\"(max-width: 1024px) 100vw, 1024px\" \/><\/figure>\n\n\n\n<p>\u201cEl \u00fanico municipio donde no estamos batallando para los tr\u00e1mites es en Escobedo. Nos encontramos con la gran sorpresa por los procesos en l\u00ednea, cosa que ahorita no tiene ning\u00fan municipio y que te facilita la agilidad de ingresar y de poder obtener un permiso de manera r\u00e1pida. Ha sido muy<br>satisfactorio poder arrancar la obra de forma inmediata y no esperarte a procesos burocr\u00e1ticos\u201d, se\u00f1al\u00f3.<br>Por su parte, Eduardo Navarro, responsable de Operaciones en Nuevo Le\u00f3n de Mercado Libre, afirm\u00f3 que instalar este centro en Escobedo es parte de la estrategia para fortalecer la red log\u00edstica de la empresa.<br>Andr\u00e9s Mijes se\u00f1al\u00f3 que Escobedo avanza con proyectos de inversi\u00f3n que fortalecen la econom\u00eda y generan oportunidades, cumpliendo as\u00ed con lo expresado por la Presidenta Claudia Sheinbaum en su Primer Informe: \u201cel progreso sin justicia no es sostenible\u201d.<br>El nuevo CEDIS de Mercado Libre contar\u00e1 con una extensi\u00f3n de 100 mil metros cuadrados y representar\u00e1 una inversi\u00f3n de 200 millones de d\u00f3lares.<\/p>\n\n\n\n<figure class=\"wp-block-image size-large\"><img loading=\"lazy\" decoding=\"async\" width=\"1024\" height=\"683\" src=\"https:\/\/diariodigitalmx.com\/wp-content\/uploads\/2025\/09\/Q9A8339-1024x683.jpg\" alt=\"\" class=\"wp-image-139259\" srcset=\"https:\/\/diariodigitalmx.com\/wp-content\/uploads\/2025\/09\/Q9A8339-1024x683.jpg 1024w, https:\/\/diariodigitalmx.com\/wp-content\/uploads\/2025\/09\/Q9A8339-300x200.jpg 300w, https:\/\/diariodigitalmx.com\/wp-content\/uploads\/2025\/09\/Q9A8339-768x512.jpg 768w, https:\/\/diariodigitalmx.com\/wp-content\/uploads\/2025\/09\/Q9A8339-1536x1024.jpg 1536w, https:\/\/diariodigitalmx.com\/wp-content\/uploads\/2025\/09\/Q9A8339-2048x1365.jpg 2048w\" sizes=\"(max-width: 1024px) 100vw, 1024px\" \/><\/figure>\n\n\n\n<p>Durante su construcci\u00f3n se generan mil 500 empleos, y al concluir, se sumar\u00e1n otros 2 mil puestos de trabajo directos, llevando prosperidad a miles de familias en la regi\u00f3n.<br> Este desarrollo es posible gracias a la ubicaci\u00f3n estrat\u00e9gica de Escobedo, con acceso a corredores industriales, avenidas y carreteras clave que conectan con la frontera norte. A ello se suma la innovaci\u00f3n de sus tr\u00e1mites en l\u00ednea, lo que convierte al municipio en un polo competitivo y confiable<br>para inversionistas nacionales e internacionales.<br>Con la llegada de Mercado Libre, Escobedo se consolida como una ciudad innovadora, s\u00edmbolo de transformaci\u00f3n y epicentro log\u00edstico de Nuevo Le\u00f3n, un municipio que abre puertas, genera empleo y convierte la confianza en futuro compartido.<\/p>\n","protected":false},"excerpt":{"rendered":"<p>En Escobedo, alineado con el Plan M\u00e9xico de la Presidenta Claudia Sheinbaum, avanza la construcci\u00f3n del CEDIS m\u00e1s grande de Mercado Libre en el norte del pa\u00eds, un proyecto que inici\u00f3 de inmediato y que refleja c\u00f3mo el Crecimiento Equitativo se convierte en prosperidad para todos.El Alcalde Andr\u00e9s Mijes supervis\u00f3 los avances del proyecto en [&hellip;]<\/p>\n","protected":false},"author":1,"featured_media":139253,"comment_status":"open","ping_status":"open","sticky":false,"template":"","format":"standard","meta":{"footnotes":""},"categories":[10,3,5],"tags":[],"_links":{"self":[{"href":"https:\/\/diariodigitalmx.com\/index.php\/wp-json\/wp\/v2\/posts\/139251"}],"collection":[{"href":"https:\/\/diariodigitalmx.com\/index.php\/wp-json\/wp\/v2\/posts"}],"about":[{"href":"https:\/\/diariodigitalmx.com\/index.php\/wp-json\/wp\/v2\/types\/post"}],"author":[{"embeddable":true,"href":"https:\/\/diariodigitalmx.com\/index.php\/wp-json\/wp\/v2\/users\/1"}],"replies":[{"embeddable":true,"href":"https:\/\/diariodigitalmx.com\/index.php\/wp-json\/wp\/v2\/comments?post=139251"}],"version-history":[{"count":3,"href":"https:\/\/diariodigitalmx.com\/index.php\/wp-json\/wp\/v2\/posts\/139251\/revisions"}],"predecessor-version":[{"id":139260,"href":"https:\/\/diariodigitalmx.com\/index.php\/wp-json\/wp\/v2\/posts\/139251\/revisions\/139260"}],"wp:featuredmedia":[{"embeddable":true,"href":"https:\/\/diariodigitalmx.com\/index.php\/wp-json\/wp\/v2\/media\/139253"}],"wp:attachment":[{"href":"https:\/\/diariodigitalmx.com\/index.php\/wp-json\/wp\/v2\/media?parent=139251"}],"wp:term":[{"taxonomy":"category","embeddable":true,"href":"https:\/\/diariodigitalmx.com\/index.php\/wp-json\/wp\/v2\/categories?post=139251"},{"taxonomy":"post_tag","embeddable":true,"href":"https:\/\/diariodigitalmx.com\/index.php\/wp-json\/wp\/v2\/tags?post=139251"}],"curies":[{"name":"wp","href":"https:\/\/api.w.org\/{rel}","templated":true}]}}