{"id":139575,"date":"2025-09-18T05:49:49","date_gmt":"2025-09-18T11:49:49","guid":{"rendered":"https:\/\/diariodigitalmx.com\/?p=139575"},"modified":"2025-09-18T07:28:08","modified_gmt":"2025-09-18T13:28:08","slug":"la-advertencia-de-jimenez-espriu","status":"publish","type":"post","link":"https:\/\/diariodigitalmx.com\/index.php\/2025\/09\/18\/la-advertencia-de-jimenez-espriu\/","title":{"rendered":"La advertencia de Jim\u00e9nez Espri\u00fa"},"content":{"rendered":"\n<p>De frente y de perfil<\/p>\n\n\n\n<p>Ram\u00f3n Zurita Sahag\u00fan<\/p>\n\n\n\n<p>El 17 de julio de 2020, el entonces secretario de Comunicaciones y Transportes, Javier Jim\u00e9nez Espri\u00fa, manifest\u00f3 su renuncia a ese cargo p\u00fablico.<\/p>\n\n\n\n<p>En una carta dirigida al Presidente L\u00f3pez Obrador se\u00f1al\u00f3 sus razones por las que se separaba del cargo, estableciendo como la principal, su objeci\u00f3n a que los puertos fueron trasladados al \u00e1mbito militar, correspondiente a la secretar\u00eda de Marina.<\/p>\n\n\n\n<p>Jim\u00e9nez Espri\u00fa ya hab\u00eda manifestado p\u00fablicamente su oposici\u00f3n a dicha medida y se lamentaba de no haber transmitir su convicci\u00f3n y preocupaci\u00f3n al Ejecutivo federal de lo que ocasionar\u00eda esa medida.<\/p>\n\n\n\n<p>Los razonamientos del entonces secretario de Comunicaciones no fueron tomados en cuenta y se decidi\u00f3 que la Marina se hiciese cargo de los puertos mexicanos.<\/p>\n\n\n\n<p>El fondo del asunto era la repercusi\u00f3n que tendr\u00eda esta decisi\u00f3n tanto en el \u00e1mbito pol\u00edtico como en lo econ\u00f3mico.<\/p>\n\n\n\n<p>Las consecuencias ya se notan con la participaci\u00f3n de algunos mandos de la secretar\u00eda de Marina en el negocio conocido como huachicol fiscal. El propio secretario del ramo, Almirante Raymundo Pedro Morales, reconoci\u00f3 la gravedad del tema.<\/p>\n\n\n\n<p>\u201cFue muy duro aceptarlo, pero hubiera sido imperdonable callarlo\u201d, expres\u00f3 el almirante secretario de Marina, al referir el caso de corrupci\u00f3n en el contrabando de combustible, que involucr\u00f3 a elementos de esta instituci\u00f3n.&nbsp;<\/p>\n\n\n\n<p>Un vicealmirante, un contralmirante y otros mandos menores, han sido denunciados como parte del entramado en que se involucraron tambi\u00e9n empresarios y hasta pol\u00edticos.<\/p>\n\n\n\n<p>Ese era el grave riesgo que anticipaba Jim\u00e9nez Espri\u00fa y del que no hizo caso el entonces Presidente L\u00f3pez Obrador, por lo que el ingeniero prefiri\u00f3 dimitir a su cargo.<\/p>\n\n\n\n<p>Ahora el secretario de Marina reconoce la infiltraci\u00f3n habida en el sector marino, lo que deja una mancha en una instituci\u00f3n que se manten\u00eda como una de las m\u00e1s limpias del pa\u00eds.<\/p>\n\n\n\n<p>Sin embargo, al conmemorar el desfile militar del 215 aniversario de la Independencia de M\u00e9xico, el secretario de Marina enfoc\u00f3 su discurso a lo que llam\u00f3 el fin determinante del mal que alcanz\u00f3 a algunos de sus integrantes.&nbsp;&nbsp;<\/p>\n\n\n\n<p>\u201cPase lo que pase, duela lo que duela, se tuvo que aplicar la ley y poner a disposici\u00f3n a quienes no se apegaron a sus c\u00f3digos y de un acto irregular que, en la Marina, no encontr\u00f3 lugar ni abrigo\u201d.&nbsp;&nbsp;<\/p>\n\n\n\n<p>Fuerte es la lecci\u00f3n que recibe el gobierno mexicano, al no escuchar las advertencias de quien lo hizo hace cinco a\u00f1os y esperar a que sucediera lo que todos se imaginaban la infiltraci\u00f3n de las fuerzas armadas.<\/p>\n\n\n\n<p>Y el exsecretario Jos\u00e9 Rafael Ojeda. De \u00e9l no se sabe nada, a pesar de la cercan\u00eda con el vicealmirante y el contraalmirante, detenido uno y pr\u00f3fugo el otro.<\/p>\n\n\n\n<p>&nbsp; &nbsp; &nbsp; &nbsp; &nbsp; &nbsp; &nbsp; &nbsp; &nbsp; &nbsp; &nbsp; &nbsp; &nbsp; &nbsp; &nbsp; &nbsp; &nbsp; &nbsp; &nbsp; &nbsp; &nbsp; &nbsp; &nbsp; &nbsp; &nbsp; &nbsp; &nbsp; &nbsp; &nbsp; &nbsp; &nbsp; &nbsp; &nbsp; &nbsp; &nbsp; &nbsp; &nbsp; &nbsp; &nbsp; &nbsp;\u2026\u2026\u2026\u2026\u2026\u2026\u2026\u2026<\/p>\n\n\n\n<p>Cada a\u00f1o sucede lo mismo, pol\u00edticos que no conocen la historia o no sabe quienes son los personajes hist\u00f3ricos de cada movimiento que han permitido M\u00e9xico la libertad y la democracia. Los que provocan esos errores son exhibidos en las redes sociales que provocan burlas, aunque ninguno de ello ofrece una disculpa por su error. Hay de todo, desde el gobernador de Puebla, Alejandro Armenta, cambiando el nombre de Leona Vicario por el de Leonorio o muchos alcaldes como el de Ciudad Victoria otorgando a la Corregidora Josefa Ortiz de Dom\u00ednguez un segundo apellido, de Pinedo, que es de un c\u00f3mico. Miso error que cometieron otros alcaldes.<\/p>\n\n\n\n<p>Email:&nbsp;<a href=\"mailto:ramonzurita44@hotmail.com\" target=\"_blank\" rel=\"noreferrer noopener\">ramonzurita44@hotmail.com<\/a><\/p>\n\n\n\n<p>Email:&nbsp;<a href=\"mailto:ramonzurita44@gmail.com\" target=\"_blank\" rel=\"noreferrer noopener\">ramonzurita44@gmail.com<\/a><\/p>\n","protected":false},"excerpt":{"rendered":"<p>De frente y de perfil Ram\u00f3n Zurita Sahag\u00fan El 17 de julio de 2020, el entonces secretario de Comunicaciones y Transportes, Javier Jim\u00e9nez Espri\u00fa, manifest\u00f3 su renuncia a ese cargo p\u00fablico. En una carta dirigida al Presidente L\u00f3pez Obrador se\u00f1al\u00f3 sus razones por las que se separaba del cargo, estableciendo como la principal, su objeci\u00f3n [&hellip;]<\/p>\n","protected":false},"author":1,"featured_media":139582,"comment_status":"open","ping_status":"open","sticky":false,"template":"","format":"standard","meta":{"footnotes":""},"categories":[12],"tags":[],"_links":{"self":[{"href":"https:\/\/diariodigitalmx.com\/index.php\/wp-json\/wp\/v2\/posts\/139575"}],"collection":[{"href":"https:\/\/diariodigitalmx.com\/index.php\/wp-json\/wp\/v2\/posts"}],"about":[{"href":"https:\/\/diariodigitalmx.com\/index.php\/wp-json\/wp\/v2\/types\/post"}],"author":[{"embeddable":true,"href":"https:\/\/diariodigitalmx.com\/index.php\/wp-json\/wp\/v2\/users\/1"}],"replies":[{"embeddable":true,"href":"https:\/\/diariodigitalmx.com\/index.php\/wp-json\/wp\/v2\/comments?post=139575"}],"version-history":[{"count":1,"href":"https:\/\/diariodigitalmx.com\/index.php\/wp-json\/wp\/v2\/posts\/139575\/revisions"}],"predecessor-version":[{"id":139576,"href":"https:\/\/diariodigitalmx.com\/index.php\/wp-json\/wp\/v2\/posts\/139575\/revisions\/139576"}],"wp:featuredmedia":[{"embeddable":true,"href":"https:\/\/diariodigitalmx.com\/index.php\/wp-json\/wp\/v2\/media\/139582"}],"wp:attachment":[{"href":"https:\/\/diariodigitalmx.com\/index.php\/wp-json\/wp\/v2\/media?parent=139575"}],"wp:term":[{"taxonomy":"category","embeddable":true,"href":"https:\/\/diariodigitalmx.com\/index.php\/wp-json\/wp\/v2\/categories?post=139575"},{"taxonomy":"post_tag","embeddable":true,"href":"https:\/\/diariodigitalmx.com\/index.php\/wp-json\/wp\/v2\/tags?post=139575"}],"curies":[{"name":"wp","href":"https:\/\/api.w.org\/{rel}","templated":true}]}}