{"id":139706,"date":"2025-09-21T01:12:06","date_gmt":"2025-09-21T07:12:06","guid":{"rendered":"https:\/\/diariodigitalmx.com\/?p=139706"},"modified":"2025-09-21T01:18:41","modified_gmt":"2025-09-21T07:18:41","slug":"muere-conductora-de-television-de-monterrey-al-caer-avioneta-donde-viajaba","status":"publish","type":"post","link":"https:\/\/diariodigitalmx.com\/index.php\/2025\/09\/21\/muere-conductora-de-television-de-monterrey-al-caer-avioneta-donde-viajaba\/","title":{"rendered":"Muere conductora de televisi\u00f3n de Monterrey al caer avioneta donde viajaba"},"content":{"rendered":"\n<figure class=\"wp-block-video\"><video controls src=\"http:\/\/diariodigitalmx.com\/wp-content\/uploads\/2025\/09\/AQMuhd2a0ghfxI_s4pBm7_GtuyIwx_3QRgIr66U95FBvSfunuTVD2JrZ04bEmmbBukGOF-mRPWWwe9b7oP6r7qCtsDJC29WRMRymxm4Kpw.mp4\"><\/video><\/figure>\n\n\n\n<p>Monterrey. &#8211; Una avioneta se desplom\u00f3 en el municipio de Garc\u00eda con un saldo de dos personas fallecidas; una de las v\u00edctimas es D\u00e9bora Estrella, conductora del Telediario matutino de televisi\u00f3n&nbsp; en Monterrey.&nbsp;<\/p>\n\n\n\n<p>Mientras tanto,\u00a0 el piloto de la nave fue identificado como Bryan Ballesteros Argueta, de quien no se precis\u00f3 la edad.<\/p>\n\n\n\n<figure class=\"wp-block-image size-full\"><img loading=\"lazy\" decoding=\"async\" width=\"192\" height=\"256\" src=\"https:\/\/diariodigitalmx.com\/wp-content\/uploads\/2025\/09\/descarga-2.jpeg\" alt=\"\" class=\"wp-image-139713\"\/><\/figure>\n\n\n\n<p>El reporte recibido por las autoridades de auxilio entre ellas Protecci\u00f3n Civil estatal se\u00f1ala que la avioneta cay\u00f3 cerca del R\u00edo Pesquer\u00eda.<\/p>\n\n\n\n<p>El accidente fue reportado minutos antes de las 19:00 horas y de acuerdo a Protecci\u00f3n Civil&nbsp; la aeronave cay\u00f3 cerca al cruce de las calles Laderas y Riveras, en el Parque Industrial Mitras en esa localidad del poniente metropolitano.<\/p>\n\n\n\n<p>Al arribar al lugar, elementos de Protecci\u00f3n Civil de Nuevo Le\u00f3n informan sobre la ca\u00edda de una aeronave en Interpuerto dentro del Parque Industrial Ciudad Mitras.<\/p>\n\n\n\n<p>&#8220;Al arribo se confirm\u00f3 que al interior&nbsp; se encontraron dos personas las cuales ya no contaban con signos vitales&#8221;, explic\u00f3 el parte.<\/p>\n\n\n\n<p>Al lugar acudieron elementos de Protecci\u00f3n Civil Nuevo Le\u00f3n, Protecci\u00f3n civil Garcia y Policia Municipal<\/p>\n\n\n\n<p>Tambi\u00e9n se trasladaron Bomberos, rescatistas de diferentes dependencias y elementos de la Secretar\u00eda de la Defensa Nacional.<\/p>\n\n\n\n<p>Una mujer y un hombre murieron al caer la avioneta en el R\u00edo Pesquer\u00eda, en Garc\u00eda.<\/p>\n\n\n\n<p>El desplome provoc\u00f3 que quedaran prensados en el interior de la unidad esta, tipo avioneta, y estamos a la espera del equipo de periciales para que el equipo pueda iniciar con la labor de extracci\u00f3n de los cuerpos, dijo el Alcalde de Garc\u00eda, Manuel Guerra..<\/p>\n","protected":false},"excerpt":{"rendered":"<p>Monterrey. &#8211; Una avioneta se desplom\u00f3 en el municipio de Garc\u00eda con un saldo de dos personas fallecidas; una de las v\u00edctimas es D\u00e9bora Estrella, conductora del Telediario matutino de televisi\u00f3n&nbsp; en Monterrey.&nbsp; Mientras tanto,\u00a0 el piloto de la nave fue identificado como Bryan Ballesteros Argueta, de quien no se precis\u00f3 la edad. El reporte [&hellip;]<\/p>\n","protected":false},"author":1,"featured_media":139709,"comment_status":"open","ping_status":"open","sticky":false,"template":"","format":"standard","meta":{"footnotes":""},"categories":[6,3,5],"tags":[],"_links":{"self":[{"href":"https:\/\/diariodigitalmx.com\/index.php\/wp-json\/wp\/v2\/posts\/139706"}],"collection":[{"href":"https:\/\/diariodigitalmx.com\/index.php\/wp-json\/wp\/v2\/posts"}],"about":[{"href":"https:\/\/diariodigitalmx.com\/index.php\/wp-json\/wp\/v2\/types\/post"}],"author":[{"embeddable":true,"href":"https:\/\/diariodigitalmx.com\/index.php\/wp-json\/wp\/v2\/users\/1"}],"replies":[{"embeddable":true,"href":"https:\/\/diariodigitalmx.com\/index.php\/wp-json\/wp\/v2\/comments?post=139706"}],"version-history":[{"count":4,"href":"https:\/\/diariodigitalmx.com\/index.php\/wp-json\/wp\/v2\/posts\/139706\/revisions"}],"predecessor-version":[{"id":139714,"href":"https:\/\/diariodigitalmx.com\/index.php\/wp-json\/wp\/v2\/posts\/139706\/revisions\/139714"}],"wp:featuredmedia":[{"embeddable":true,"href":"https:\/\/diariodigitalmx.com\/index.php\/wp-json\/wp\/v2\/media\/139709"}],"wp:attachment":[{"href":"https:\/\/diariodigitalmx.com\/index.php\/wp-json\/wp\/v2\/media?parent=139706"}],"wp:term":[{"taxonomy":"category","embeddable":true,"href":"https:\/\/diariodigitalmx.com\/index.php\/wp-json\/wp\/v2\/categories?post=139706"},{"taxonomy":"post_tag","embeddable":true,"href":"https:\/\/diariodigitalmx.com\/index.php\/wp-json\/wp\/v2\/tags?post=139706"}],"curies":[{"name":"wp","href":"https:\/\/api.w.org\/{rel}","templated":true}]}}