{"id":139721,"date":"2025-09-22T05:30:28","date_gmt":"2025-09-22T11:30:28","guid":{"rendered":"https:\/\/diariodigitalmx.com\/?p=139721"},"modified":"2025-09-22T05:48:32","modified_gmt":"2025-09-22T11:48:32","slug":"el-futuro-de-adan","status":"publish","type":"post","link":"https:\/\/diariodigitalmx.com\/index.php\/2025\/09\/22\/el-futuro-de-adan\/","title":{"rendered":"El futuro de Ad\u00e1n"},"content":{"rendered":"\n<p>De frente y de perfil<\/p>\n\n\n\n<p>Ram\u00f3n Zurita Sahag\u00fan<\/p>\n\n\n\n<p>\u00bfTiene futuro pol\u00edtico Ad\u00e1n Augusto L\u00f3pez?<\/p>\n\n\n\n<p>Una l\u00ednea de investigaci\u00f3n que sigue la FGR es la de Mario Llergo, exdiputado federal y cercano al entorno de Ad\u00e1n Augusto L\u00f3pez, de quien se especula que fue la l\u00ednea de conexi\u00f3n de los hermanos Carmona (considerados los reyes del huachicol) que operaban principalmente en Tamaulipas, pero con ramificaciones en otros estados.<\/p>\n\n\n\n<p>Llergo es actualmente colaborador de Mario Delgado en la SEP y se le cataloga como eslab\u00f3n del titular de la SEP con los hermanos Carmona.<\/p>\n\n\n\n<p>Representante de MORENA ante el INE, Llergo es se\u00f1alado como el gozne entre los grupos delincuenciales que establecieron v\u00ednculos de Tabasco y Tamaulipas, especialmente en el tema del huachicol.<\/p>\n\n\n\n<p>La detenci\u00f3n de Hern\u00e1n Berm\u00fadez Requena abre otros flancos del gobierno tabasque\u00f1os durante las administraciones de Ad\u00e1n Augusto L\u00f3pez y Carlos M. Merino, en que se involucra a empresarios, pol\u00edticos, funcionarios y notarios, muchos de ellos con amplio prestigio, de los que se afirma est\u00e1n siendo investigados.<\/p>\n\n\n\n<p>Ante este panorama, son muchos los que se preguntan por qu\u00e9 Ad\u00e1n Augusto es inamovible y el costo que le representa a MORENA seguir sosteni\u00e9ndolo.<\/p>\n\n\n\n<p>Su futuro es limitado, lejos del personaje que lleg\u00f3 a la secretar\u00eda de Gobernaci\u00f3n y dos a\u00f1os despu\u00e9s era precandidato a la presidencia de la rep\u00fablica.<\/p>\n\n\n\n<p>En cualquier pa\u00eds que no fuese M\u00e9xico su futuro ser\u00eda reducido. En el M\u00e9xico de la cuarta transformaci\u00f3n, posiblemente s\u00ed lo tenga, pero no ser\u00e1 el glamour de una vida pol\u00edtica como la actual.<\/p>\n\n\n\n<p>Para Ad\u00e1n ya no vale el que su secretario de Seguridad P\u00fablica en Tabasco lo deslinde de cualquier nexo con la llamada \u201cBarredora\u201d.<\/p>\n\n\n\n<p>Dentro de la opini\u00f3n p\u00fablica y el pueblo mismo (el sabio del que habla L\u00f3pez Obrador) Ad\u00e1n es tan responsable o m\u00e1s de lo que se le considera a Felipe Calder\u00f3n con Genaro Garc\u00eda Luna.<\/p>\n\n\n\n<p>No importa que la Presidenta Sheinbaum Pardo lo cubra con un manto de impunidad y alegue que no se han presentado pruebas en su contra. Ad\u00e1n Augusto ya no responde a la confianza en \u00e9l depositada por sus promotores.<\/p>\n\n\n\n<p>Al todav\u00eda coordinador de los senadores de MORENA ya se le sancion\u00f3 en lo colectivo, aunque penalmente no sufra condena alguna.<\/p>\n\n\n\n<p>Las atrocidades cometidas por el grupo delictivo que encabezaba su amigo y secretario de Seguridad P\u00fablica, Hern\u00e1n Berm\u00fadez Requena, lo convierten en corresponsable, ya que \u00e9l mismo sab\u00eda lo que todo el pueblo de Tabasco, la mala fama p\u00fablica del yucateco.<\/p>\n\n\n\n<p>El propio gobernador Javier May Rodr\u00edguez lo expuso p\u00fablicamente, cuando cuestion\u00f3 sobre la figura de Berm\u00fadez Requena.<\/p>\n\n\n\n<p>La amistad entre Ad\u00e1n Augusto, Berm\u00fadez Requena y Jaime Lastra Bastar no es desconocida para nadie, por lo que resulta curioso que el hoy diputado federal Lastra Bastar, promotor de la carrera polic\u00edaca de Berm\u00fadez mantenga el silencio y no se menciona en las investigaciones.<\/p>\n\n\n\n<p>Sin embargo, al margen de todo lo judicial que est\u00e1 en manos de la Fiscalia de la Rep\u00fablica, el senador L\u00f3pez Hern\u00e1ndez se aferra a su cargo como coordinador, sin importar que miembros de su bancada le hayan perdido la confianza.<\/p>\n\n\n\n<p>Como sucede en este tipo de nombramientos, la \u00faltima palabra la tiene la Presidenta Claudia Sheinbaum, considerada el sost\u00e9n de la continuidad de Ad\u00e1n, aunque su respaldo se encuentra en Palenque.<\/p>\n\n\n\n<p>Email:&nbsp;<a href=\"mailto:ramonzurita44@hotmail.com\" target=\"_blank\" rel=\"noreferrer noopener\">ramonzurita44@hotmail.com<\/a><\/p>\n\n\n\n<p>Email:&nbsp;<a href=\"mailto:ramonzurita44@gmail.com\" target=\"_blank\" rel=\"noreferrer noopener\">ramonzurita44@gmail.com<\/a><\/p>\n","protected":false},"excerpt":{"rendered":"<p>De frente y de perfil Ram\u00f3n Zurita Sahag\u00fan \u00bfTiene futuro pol\u00edtico Ad\u00e1n Augusto L\u00f3pez? Una l\u00ednea de investigaci\u00f3n que sigue la FGR es la de Mario Llergo, exdiputado federal y cercano al entorno de Ad\u00e1n Augusto L\u00f3pez, de quien se especula que fue la l\u00ednea de conexi\u00f3n de los hermanos Carmona (considerados los reyes del [&hellip;]<\/p>\n","protected":false},"author":1,"featured_media":139733,"comment_status":"open","ping_status":"open","sticky":false,"template":"","format":"standard","meta":{"footnotes":""},"categories":[12],"tags":[],"_links":{"self":[{"href":"https:\/\/diariodigitalmx.com\/index.php\/wp-json\/wp\/v2\/posts\/139721"}],"collection":[{"href":"https:\/\/diariodigitalmx.com\/index.php\/wp-json\/wp\/v2\/posts"}],"about":[{"href":"https:\/\/diariodigitalmx.com\/index.php\/wp-json\/wp\/v2\/types\/post"}],"author":[{"embeddable":true,"href":"https:\/\/diariodigitalmx.com\/index.php\/wp-json\/wp\/v2\/users\/1"}],"replies":[{"embeddable":true,"href":"https:\/\/diariodigitalmx.com\/index.php\/wp-json\/wp\/v2\/comments?post=139721"}],"version-history":[{"count":1,"href":"https:\/\/diariodigitalmx.com\/index.php\/wp-json\/wp\/v2\/posts\/139721\/revisions"}],"predecessor-version":[{"id":139722,"href":"https:\/\/diariodigitalmx.com\/index.php\/wp-json\/wp\/v2\/posts\/139721\/revisions\/139722"}],"wp:featuredmedia":[{"embeddable":true,"href":"https:\/\/diariodigitalmx.com\/index.php\/wp-json\/wp\/v2\/media\/139733"}],"wp:attachment":[{"href":"https:\/\/diariodigitalmx.com\/index.php\/wp-json\/wp\/v2\/media?parent=139721"}],"wp:term":[{"taxonomy":"category","embeddable":true,"href":"https:\/\/diariodigitalmx.com\/index.php\/wp-json\/wp\/v2\/categories?post=139721"},{"taxonomy":"post_tag","embeddable":true,"href":"https:\/\/diariodigitalmx.com\/index.php\/wp-json\/wp\/v2\/tags?post=139721"}],"curies":[{"name":"wp","href":"https:\/\/api.w.org\/{rel}","templated":true}]}}