{"id":139725,"date":"2025-09-22T05:32:57","date_gmt":"2025-09-22T11:32:57","guid":{"rendered":"https:\/\/diariodigitalmx.com\/?p=139725"},"modified":"2025-09-22T05:35:49","modified_gmt":"2025-09-22T11:35:49","slug":"mariano-nunez","status":"publish","type":"post","link":"https:\/\/diariodigitalmx.com\/index.php\/2025\/09\/22\/mariano-nunez\/","title":{"rendered":"Mariano N\u00fa\u00f1ez"},"content":{"rendered":"\n<p>Luz Mar\u00eda Ortiz Quintos<\/p>\n\n\n\n<p>El s\u00e1bado por la tarde, el abogado Mariano N\u00fa\u00f1ez parti\u00f3 a la Casa del Padre. Deja un gran legado en los \u00e1mbitos social y pol\u00edtico. Fue un incansable guerrero, defensor de temas de familia y medio ambiente; investigador de m\u00e9todos alternativos para la soluci\u00f3n de conflictos, promotor de los derechos humanos e impulsor de la primera ley de mediaci\u00f3n.<\/p>\n\n\n\n<p>Excelente ser humano, le sobreviven su esposa, Mar\u00eda Elena; su hijo, Mariano; dos hijas y sus nietos.<\/p>\n\n\n\n<p>Lo conoc\u00ed a ra\u00edz del movimiento No a Monterrey VI. Posteriormente, presentamos un exhorto sobre el divorcio incausado en la oficial\u00eda de partes del Congreso del Estado, en defensa de los derechos de los hijos del matrimonio, quienes quedaban en desamparo en caso de que existieran.<\/p>\n\n\n\n<p>Tambi\u00e9n nos apoy\u00f3 en la presentaci\u00f3n de un amparo ante el cambio en la asignaci\u00f3n de becas en colegios particulares, ya que se pretend\u00eda quitar a los colegios la facultad de asignarlas, dejando el control exclusivo a la Secretar\u00eda de Educaci\u00f3n.<\/p>\n\n\n\n<p>Colabor\u00f3 en la Revista Uni\u00f3n con el tema de mediaci\u00f3n, y recientemente nos acompa\u00f1\u00f3 en el foro que realizamos en la Comisi\u00f3n Estatal de Derechos Humanos, sobre el Papel del Padre y la Madre de Familia en la Educaci\u00f3n de sus hijos.<\/p>\n\n\n\n<p>Hace dos semanas, iniciamos los preparativos del proyecto Ni\u00f1os Primero, una de sus mayores preocupaciones: la ni\u00f1ez y los entornos en los que hoy crecen y se desarrollan. Para \u00e9l, esa era un \u00e1rea de oportunidad urgente por atender.<\/p>\n\n\n\n<p>Su partida nos deja un profundo vac\u00edo, pero tambi\u00e9n nos compromete a continuar su legado. Especialmente, a fortalecer los lazos con su hija Mar\u00eda Elena, quien fue su inseparable compa\u00f1era, una gran mujer, alegre y bondadosa, de quien el abogado Mariano se sent\u00eda agradecido y profundamente orgulloso.<\/p>\n\n\n\n<p>Su paso por la Tierra dej\u00f3 un gran bien. Muchas familias, tanto a nivel nacional como internacional, lograron resolver temas de patria potestad, pensi\u00f3n alimenticia, entre otros, gracias a su labor incansable.<\/p>\n\n\n\n<p>Un gran n\u00famero de personas que lo conocimos lo consideramos nuestro amigo, le agradecemos haber entregado su vida, por mantenerse activo a pesar de su enfermedad, animado siempre por el gran amor a su familia y a la humanidad hasta el final. Que en paz descanse el licenciado Mariano N\u00fa\u00f1ez.<\/p>\n","protected":false},"excerpt":{"rendered":"<p>Luz Mar\u00eda Ortiz Quintos El s\u00e1bado por la tarde, el abogado Mariano N\u00fa\u00f1ez parti\u00f3 a la Casa del Padre. Deja un gran legado en los \u00e1mbitos social y pol\u00edtico. Fue un incansable guerrero, defensor de temas de familia y medio ambiente; investigador de m\u00e9todos alternativos para la soluci\u00f3n de conflictos, promotor de los derechos humanos [&hellip;]<\/p>\n","protected":false},"author":1,"featured_media":139321,"comment_status":"open","ping_status":"open","sticky":false,"template":"","format":"standard","meta":{"footnotes":""},"categories":[12],"tags":[],"_links":{"self":[{"href":"https:\/\/diariodigitalmx.com\/index.php\/wp-json\/wp\/v2\/posts\/139725"}],"collection":[{"href":"https:\/\/diariodigitalmx.com\/index.php\/wp-json\/wp\/v2\/posts"}],"about":[{"href":"https:\/\/diariodigitalmx.com\/index.php\/wp-json\/wp\/v2\/types\/post"}],"author":[{"embeddable":true,"href":"https:\/\/diariodigitalmx.com\/index.php\/wp-json\/wp\/v2\/users\/1"}],"replies":[{"embeddable":true,"href":"https:\/\/diariodigitalmx.com\/index.php\/wp-json\/wp\/v2\/comments?post=139725"}],"version-history":[{"count":1,"href":"https:\/\/diariodigitalmx.com\/index.php\/wp-json\/wp\/v2\/posts\/139725\/revisions"}],"predecessor-version":[{"id":139726,"href":"https:\/\/diariodigitalmx.com\/index.php\/wp-json\/wp\/v2\/posts\/139725\/revisions\/139726"}],"wp:featuredmedia":[{"embeddable":true,"href":"https:\/\/diariodigitalmx.com\/index.php\/wp-json\/wp\/v2\/media\/139321"}],"wp:attachment":[{"href":"https:\/\/diariodigitalmx.com\/index.php\/wp-json\/wp\/v2\/media?parent=139725"}],"wp:term":[{"taxonomy":"category","embeddable":true,"href":"https:\/\/diariodigitalmx.com\/index.php\/wp-json\/wp\/v2\/categories?post=139725"},{"taxonomy":"post_tag","embeddable":true,"href":"https:\/\/diariodigitalmx.com\/index.php\/wp-json\/wp\/v2\/tags?post=139725"}],"curies":[{"name":"wp","href":"https:\/\/api.w.org\/{rel}","templated":true}]}}