{"id":139751,"date":"2025-09-22T22:49:22","date_gmt":"2025-09-23T04:49:22","guid":{"rendered":"https:\/\/diariodigitalmx.com\/?p=139751"},"modified":"2025-09-22T23:07:41","modified_gmt":"2025-09-23T05:07:41","slug":"presenta-monterrey-sistema-de-micro-movilidad","status":"publish","type":"post","link":"https:\/\/diariodigitalmx.com\/index.php\/2025\/09\/22\/presenta-monterrey-sistema-de-micro-movilidad\/","title":{"rendered":"Presenta Monterrey sistema de micro movilidad"},"content":{"rendered":"\n<p><\/p>\n\n\n\n<p>\u00b7&nbsp;&nbsp;&nbsp;&nbsp;&nbsp;&nbsp;&nbsp;&nbsp;&nbsp;<em>Como parte de la Semana de la Movilidad y el D\u00eda Mundial sin Auto, se estableci\u00f3 un convenio con la empresa Lime para brindar el servicio de bicicletas y scooters el\u00e9ctricos<\/em><\/p>\n\n\n\n<p>El Gobierno de Monterrey se suma a los sistemas de movilidad que ya operan en 280 ciudades del mundo, que consisten en facilitar desplazamientos de personas de forma econ\u00f3mica y r\u00e1pida y en complemento de otros medios de transporte. El primer mes se dar\u00e1 el desbloqueo sin costo, adem\u00e1s de otras promociones y descuentos.<\/p>\n\n\n\n<p>El alcalde Adri\u00e1n de la Garza inform\u00f3 que se implementa un plan piloto en convenio con la empresa Lime, para dotar a la comunidad de monopatines (Scooters) y bicicletas el\u00e9ctricas para traslados cortos.<\/p>\n\n\n\n<p>Con este proyecto se busca reducir el tr\u00e1fico y la contaminaci\u00f3n, ya que se ofrece esquema sostenible de transporte \u00e1gil y accesible.<\/p>\n\n\n\n<figure class=\"wp-block-image size-large\"><img loading=\"lazy\" decoding=\"async\" width=\"1024\" height=\"683\" src=\"https:\/\/diariodigitalmx.com\/wp-content\/uploads\/2025\/09\/MICROMOVILIDAD-3-1024x683.jpeg\" alt=\"\" class=\"wp-image-139766\" srcset=\"https:\/\/diariodigitalmx.com\/wp-content\/uploads\/2025\/09\/MICROMOVILIDAD-3-1024x683.jpeg 1024w, https:\/\/diariodigitalmx.com\/wp-content\/uploads\/2025\/09\/MICROMOVILIDAD-3-300x200.jpeg 300w, https:\/\/diariodigitalmx.com\/wp-content\/uploads\/2025\/09\/MICROMOVILIDAD-3-768x512.jpeg 768w, https:\/\/diariodigitalmx.com\/wp-content\/uploads\/2025\/09\/MICROMOVILIDAD-3.jpeg 1266w\" sizes=\"(max-width: 1024px) 100vw, 1024px\" \/><\/figure>\n\n\n\n<p><em>\u201c<\/em>Hoy estamos haciendo un convenio donde pr\u00e1cticamente el municipio de Monterrey est\u00e1 dejando ocupar algunos espacios p\u00fablicos para que puedan tener sus veh\u00edculos y que les puedan estar recargando la pila y brindando el mantenimiento que ellos hacen constantemente\u201d, detall\u00f3 el edil.<\/p>\n\n\n\n<p>CONEXIONES<\/p>\n\n\n\n<p>En esta primera fase operan 150 unidades el\u00e9ctricas para conectar la Alameda, la Macroplaza, el Paseo Santa Luc\u00eda, la Pur\u00edsima y el Parque Fundidora.&nbsp; Tambi\u00e9n tendr\u00e1n acceso a los circuitos A (Macroplaza-Mederos-La Rioja), D (Obispado-Macroplaza-Fundidora), y E (F\u00e9lix U. G\u00f3mez-Fundidora-La Moderna) de la Regio Ruta.<\/p>\n\n\n\n<p>Para acceder al servicio, los interesados deber\u00e1n utilizar la aplicaci\u00f3n m\u00f3vil de Lime o de Uber, para conocer las reglas, las zonas para abordar, para estacionarse, los l\u00edmites de velocidad y muchas otras.<\/p>\n\n\n\n<figure class=\"wp-block-image size-large\"><img loading=\"lazy\" decoding=\"async\" width=\"1024\" height=\"683\" src=\"https:\/\/diariodigitalmx.com\/wp-content\/uploads\/2025\/09\/MICROMOVILIDAD-2-1024x683.jpeg\" alt=\"\" class=\"wp-image-139767\" srcset=\"https:\/\/diariodigitalmx.com\/wp-content\/uploads\/2025\/09\/MICROMOVILIDAD-2-1024x683.jpeg 1024w, https:\/\/diariodigitalmx.com\/wp-content\/uploads\/2025\/09\/MICROMOVILIDAD-2-300x200.jpeg 300w, https:\/\/diariodigitalmx.com\/wp-content\/uploads\/2025\/09\/MICROMOVILIDAD-2-768x512.jpeg 768w, https:\/\/diariodigitalmx.com\/wp-content\/uploads\/2025\/09\/MICROMOVILIDAD-2.jpeg 1266w\" sizes=\"(max-width: 1024px) 100vw, 1024px\" \/><\/figure>\n\n\n\n<p>Actualmente Monterrey cuenta con 18.14 kil\u00f3metros de infraestructura ciclista y, de los 11.3 millones de viajes que se realizan diariamente en la Zona Metropolitana, m\u00e1s de 90 mil 400 se hacen en bicicleta.<\/p>\n\n\n\n<p>\u201cEn la administraci\u00f3n se apost\u00f3 por una multi movilidad\u2026 y de esa multi movilidad pasamos a la micromovilidad, que es muy importante en cualquier ciudad\u201d, reconoci\u00f3 De la Garza.<\/p>\n\n\n\n<p>\u201cEn Monterrey tenemos ya una movilidad peatonal, tambi\u00e9n podemos agregarle esta movilidad a trav\u00e9s de los scooters y las bicicletas. Tenemos ya algunos corredores, algunos andadores y en la medida que vaya creciendo esta micromovilidad, pues obviamente Monterrey tendr\u00e1 que poner tambi\u00e9n los aspectos de espacios suficientes y eficientes\u201d.<\/p>\n\n\n\n<p>El programa ir\u00e1 creciendo por etapas, hasta llegar a contar con dos mil unidades dando servicio en toda la ciudad.<\/p>\n\n\n\n<p>GRATIS EL PRIMER MES<\/p>\n\n\n\n<p>Adem\u00e1s, la empresa Lime habilit\u00f3 en Monterrey un esquema de tarifas flexibles. En este arranque y hasta el 22 de octubre la comunidad podr\u00e1 acceder al servicio de forma gratuita para desbloquear los monopatines o las bicicletas.<\/p>\n\n\n\n<p>Despu\u00e9s de esta fecha, la tarifa ser\u00e1 de 2.50 por minuto, la m\u00e1s baja a nivel mundial, y si se adquieren paquetes de hasta 300 pesos, el costo equivale a un peso por minuto.<\/p>\n\n\n\n<p>Acompa\u00f1aron al Alcalde el secretario de Desarrollo Urbano Sostenible, Fernando Guti\u00e9rrez; el Director General de Movilidad y Espacio P\u00fablico, Juan Carlos Ru\u00edz; el Director para una Movilidad Sostenible, Pablo Reyes; y el Director General de Lime Latinoam\u00e9rica, Federico Recke.<\/p>\n\n\n\n<p>El empresario coment\u00f3 que esta ciudad es pionera en Am\u00e9rica Latina en el uso de bicicletas el\u00e9ctricas dentro de este plan.<\/p>\n\n\n\n<p>\u201cVamos a lanzar hoy 100 patines el\u00e9ctricos, 50 bicicletas el\u00e9ctricas que van a ir creciendo la flotilla. Monterrey es la primera ciudad en Latinoam\u00e9rica donde lanzamos bicicletas el\u00e9ctricas y es una apuesta fuerte hacia la movilidad sostenible, libre de carbono, asequible, divertida y segura\u201d, puntualiz\u00f3.<\/p>\n\n\n\n<p>Con estas acciones, Monterrey refuerza su compromiso por consolidarse como una ciudad m\u00e1s moderna, inclusiva y sostenible, que prioriza la movilidad de las personas y el cuidado del entorno urbano.<\/p>\n","protected":false},"excerpt":{"rendered":"<p>\u00b7&nbsp;&nbsp;&nbsp;&nbsp;&nbsp;&nbsp;&nbsp;&nbsp;&nbsp;Como parte de la Semana de la Movilidad y el D\u00eda Mundial sin Auto, se estableci\u00f3 un convenio con la empresa Lime para brindar el servicio de bicicletas y scooters el\u00e9ctricos El Gobierno de Monterrey se suma a los sistemas de movilidad que ya operan en 280 ciudades del mundo, que consisten en facilitar desplazamientos [&hellip;]<\/p>\n","protected":false},"author":1,"featured_media":139764,"comment_status":"open","ping_status":"open","sticky":false,"template":"","format":"standard","meta":{"footnotes":""},"categories":[6,3,5],"tags":[],"_links":{"self":[{"href":"https:\/\/diariodigitalmx.com\/index.php\/wp-json\/wp\/v2\/posts\/139751"}],"collection":[{"href":"https:\/\/diariodigitalmx.com\/index.php\/wp-json\/wp\/v2\/posts"}],"about":[{"href":"https:\/\/diariodigitalmx.com\/index.php\/wp-json\/wp\/v2\/types\/post"}],"author":[{"embeddable":true,"href":"https:\/\/diariodigitalmx.com\/index.php\/wp-json\/wp\/v2\/users\/1"}],"replies":[{"embeddable":true,"href":"https:\/\/diariodigitalmx.com\/index.php\/wp-json\/wp\/v2\/comments?post=139751"}],"version-history":[{"count":2,"href":"https:\/\/diariodigitalmx.com\/index.php\/wp-json\/wp\/v2\/posts\/139751\/revisions"}],"predecessor-version":[{"id":139768,"href":"https:\/\/diariodigitalmx.com\/index.php\/wp-json\/wp\/v2\/posts\/139751\/revisions\/139768"}],"wp:featuredmedia":[{"embeddable":true,"href":"https:\/\/diariodigitalmx.com\/index.php\/wp-json\/wp\/v2\/media\/139764"}],"wp:attachment":[{"href":"https:\/\/diariodigitalmx.com\/index.php\/wp-json\/wp\/v2\/media?parent=139751"}],"wp:term":[{"taxonomy":"category","embeddable":true,"href":"https:\/\/diariodigitalmx.com\/index.php\/wp-json\/wp\/v2\/categories?post=139751"},{"taxonomy":"post_tag","embeddable":true,"href":"https:\/\/diariodigitalmx.com\/index.php\/wp-json\/wp\/v2\/tags?post=139751"}],"curies":[{"name":"wp","href":"https:\/\/api.w.org\/{rel}","templated":true}]}}