{"id":139817,"date":"2025-09-24T17:35:09","date_gmt":"2025-09-24T23:35:09","guid":{"rendered":"https:\/\/diariodigitalmx.com\/?p=139817"},"modified":"2025-09-24T17:38:27","modified_gmt":"2025-09-24T23:38:27","slug":"fortalece-4t-nortena-a-la-cultura-con-primera-muestra-de-teatro","status":"publish","type":"post","link":"https:\/\/diariodigitalmx.com\/index.php\/2025\/09\/24\/fortalece-4t-nortena-a-la-cultura-con-primera-muestra-de-teatro\/","title":{"rendered":"Fortalece 4T Norte\u00f1a a la cultura con primera Muestra de Teatro"},"content":{"rendered":"\n<p>La 4T Norte\u00f1a llevar\u00e1 el arte y la cultura directamente a las comunidades a trav\u00e9s de la primera Muestra de Teatro con puestas en escena que buscar\u00e1n deleitar y reunir a toda la familia en espacios de encuentro y convivencia.<\/p>\n\n\n\n<p>Desde el Teatro Digital Fidel Vel\u00e1zquez, el Alcalde Andr\u00e9s Mijes dio a conocer los pormenores de este importante evento cultural que albergar\u00e1 el Municipio de Escobedo y resalt\u00f3 la importancia de acercar el arte como motor de transformaci\u00f3n social.<\/p>\n\n\n\n<p>En su mensaje, Mijes destac\u00f3 que en la 4T Norte\u00f1a se cree firmemente que el arte y la cultura son la infraestructura m\u00e1s poderosa para construir comunidad, tal y como lo impulsa la Presidenta de M\u00e9xico, Claudia Sheinbaum Pardo.<\/p>\n\n\n\n<figure class=\"wp-block-image size-large\"><img loading=\"lazy\" decoding=\"async\" width=\"1024\" height=\"683\" src=\"https:\/\/diariodigitalmx.com\/wp-content\/uploads\/2025\/09\/Q9A2426-1024x683.jpg\" alt=\"\" class=\"wp-image-139822\" srcset=\"https:\/\/diariodigitalmx.com\/wp-content\/uploads\/2025\/09\/Q9A2426-1024x683.jpg 1024w, https:\/\/diariodigitalmx.com\/wp-content\/uploads\/2025\/09\/Q9A2426-300x200.jpg 300w, https:\/\/diariodigitalmx.com\/wp-content\/uploads\/2025\/09\/Q9A2426-768x512.jpg 768w, https:\/\/diariodigitalmx.com\/wp-content\/uploads\/2025\/09\/Q9A2426-1536x1024.jpg 1536w, https:\/\/diariodigitalmx.com\/wp-content\/uploads\/2025\/09\/Q9A2426-2048x1365.jpg 2048w\" sizes=\"(max-width: 1024px) 100vw, 1024px\" \/><\/figure>\n\n\n\n<p>\u201cUna comunidad donde florece la cultura es tambi\u00e9n una comunidad m\u00e1s fuerte, m\u00e1s productiva y pr\u00f3spera. Porque arte y crecimiento van de la mano; porque cultura y prosperidad no se contradicen, se complementan\u201d, se\u00f1al\u00f3 el Edil.<\/p>\n\n\n\n<p>Por su parte, Hugo Espiricueta, Secretario de Cultura, Educaci\u00f3n y Recreaci\u00f3n Social, detall\u00f3 que esta muestra teatral se desarrollar\u00e1 en el Teatro Digital Fidel Vel\u00e1zquez, en la Colonia Puerta del Norte, y en la Casa de la Cultura, en el Centro de la Ciudad.<\/p>\n\n\n\n<figure class=\"wp-block-image size-large\"><img loading=\"lazy\" decoding=\"async\" width=\"1024\" height=\"683\" src=\"https:\/\/diariodigitalmx.com\/wp-content\/uploads\/2025\/09\/Q9A2373-1024x683.jpg\" alt=\"\" class=\"wp-image-139824\" srcset=\"https:\/\/diariodigitalmx.com\/wp-content\/uploads\/2025\/09\/Q9A2373-1024x683.jpg 1024w, https:\/\/diariodigitalmx.com\/wp-content\/uploads\/2025\/09\/Q9A2373-300x200.jpg 300w, https:\/\/diariodigitalmx.com\/wp-content\/uploads\/2025\/09\/Q9A2373-768x512.jpg 768w, https:\/\/diariodigitalmx.com\/wp-content\/uploads\/2025\/09\/Q9A2373-1536x1024.jpg 1536w, https:\/\/diariodigitalmx.com\/wp-content\/uploads\/2025\/09\/Q9A2373-2048x1365.jpg 2048w\" sizes=\"(max-width: 1024px) 100vw, 1024px\" \/><\/figure>\n\n\n\n<p>Desde el 4 al 12 de octubre se llevar\u00e1n a cabo obras dirigidas a p\u00fablicos de todas las edades y el programa culminar\u00e1 con un espect\u00e1culo de primer nivel a cargo del Ballet de Monterrey, que pondr\u00e1 el broche de oro a la jornada cultural.<\/p>\n\n\n\n<p>Mijes subray\u00f3 que esta Muestra de Teatro no ser\u00e1 \u00fanicamente un programa art\u00edstico, sino un proyecto integral que fomenta la seguridad, la paz c\u00edvica, el fortalecimiento del tejido social, el empleo, la comunidad y la cultura.<\/p>\n\n\n\n<p>Con esta Muestra de Teatro, las familias podr\u00e1n convivir en un ambiente de armon\u00eda, las juventudes encontrar\u00e1n referentes positivos y los artistas locales tendr\u00e1n la oportunidad de mostrar que la transformaci\u00f3n tambi\u00e9n tiene voz, cuerpo y emoci\u00f3n.<\/p>\n\n\n\n<p>En la jornada cultural participar\u00e1n Claudia Mar\u00edn, actriz de la obra; El juicio, la cual se presenta el 10 de octubre en Casa de la Cultura, y Sonia Saucedo, Directora y Productora de la obra Dos ni\u00f1as, que se presentar\u00e1 en el Teatro Digital Fidel Vel\u00e1zquez el s\u00e1bado 11 de octubre.<\/p>\n\n\n\n<p>En la temporada tambi\u00e9n act\u00faan otros artistas y directores reconocidos de Nuevo Le\u00f3n en obras que se presentar\u00e1n del 6 al 10 de octubre.<\/p>\n\n\n\n<p>Con esta iniciativa, Escobedo refrenda su compromiso de construir una ciudad donde la cultura sea pilar de desarrollo. La Muestra de Teatro es parte de la ruta de la transformaci\u00f3n norte\u00f1a que s\u00ed avanza con m\u00e1s cultura.<\/p>\n","protected":false},"excerpt":{"rendered":"<p>La 4T Norte\u00f1a llevar\u00e1 el arte y la cultura directamente a las comunidades a trav\u00e9s de la primera Muestra de Teatro con puestas en escena que buscar\u00e1n deleitar y reunir a toda la familia en espacios de encuentro y convivencia. Desde el Teatro Digital Fidel Vel\u00e1zquez, el Alcalde Andr\u00e9s Mijes dio a conocer los pormenores [&hellip;]<\/p>\n","protected":false},"author":1,"featured_media":139821,"comment_status":"open","ping_status":"open","sticky":false,"template":"","format":"standard","meta":{"footnotes":""},"categories":[6],"tags":[],"_links":{"self":[{"href":"https:\/\/diariodigitalmx.com\/index.php\/wp-json\/wp\/v2\/posts\/139817"}],"collection":[{"href":"https:\/\/diariodigitalmx.com\/index.php\/wp-json\/wp\/v2\/posts"}],"about":[{"href":"https:\/\/diariodigitalmx.com\/index.php\/wp-json\/wp\/v2\/types\/post"}],"author":[{"embeddable":true,"href":"https:\/\/diariodigitalmx.com\/index.php\/wp-json\/wp\/v2\/users\/1"}],"replies":[{"embeddable":true,"href":"https:\/\/diariodigitalmx.com\/index.php\/wp-json\/wp\/v2\/comments?post=139817"}],"version-history":[{"count":2,"href":"https:\/\/diariodigitalmx.com\/index.php\/wp-json\/wp\/v2\/posts\/139817\/revisions"}],"predecessor-version":[{"id":139825,"href":"https:\/\/diariodigitalmx.com\/index.php\/wp-json\/wp\/v2\/posts\/139817\/revisions\/139825"}],"wp:featuredmedia":[{"embeddable":true,"href":"https:\/\/diariodigitalmx.com\/index.php\/wp-json\/wp\/v2\/media\/139821"}],"wp:attachment":[{"href":"https:\/\/diariodigitalmx.com\/index.php\/wp-json\/wp\/v2\/media?parent=139817"}],"wp:term":[{"taxonomy":"category","embeddable":true,"href":"https:\/\/diariodigitalmx.com\/index.php\/wp-json\/wp\/v2\/categories?post=139817"},{"taxonomy":"post_tag","embeddable":true,"href":"https:\/\/diariodigitalmx.com\/index.php\/wp-json\/wp\/v2\/tags?post=139817"}],"curies":[{"name":"wp","href":"https:\/\/api.w.org\/{rel}","templated":true}]}}