{"id":139849,"date":"2025-09-25T05:21:44","date_gmt":"2025-09-25T11:21:44","guid":{"rendered":"https:\/\/diariodigitalmx.com\/?p=139849"},"modified":"2025-09-25T05:48:40","modified_gmt":"2025-09-25T11:48:40","slug":"la-mas-hermosa-de-las-tragedias","status":"publish","type":"post","link":"https:\/\/diariodigitalmx.com\/index.php\/2025\/09\/25\/la-mas-hermosa-de-las-tragedias\/","title":{"rendered":"La m\u00e1s hermosa de las tragedias"},"content":{"rendered":"\n<p>Gerson G\u00f3mez Salas <\/p>\n\n\n\n<p>Aqu\u00ed es ahora. En el servicio funerario del empresario convertido en alcalde de San Pedro Garza Garc\u00eda, Mauricio Fern\u00e1ndez Garza, concurren toda clase de personajes locales. Algunos nacionales de filiaci\u00f3n por el bien com\u00fan.<\/p>\n\n\n\n<p>Entre las coronas, la de la exministra de la corte Margarita R\u00edos Farjat y su esposo, decoran la nave de la iglesia de F\u00e1tima. El operativo de vialidad es un \u00e9xito. Los guaruras permiten a sus amos descender.<\/p>\n\n\n\n<p>El pol\u00edgono completo copado por los elementos de seguridad.<\/p>\n\n\n\n<p>Puntualidad inglesa. La mayor\u00eda de las bancas ocupadas. El sequito de sacerdotes acompa\u00f1an al arzobispo de Monterrey. Musica sacra desde las alturas.<\/p>\n\n\n\n<p>Fotograf\u00eda del Alcalde, personaje principal del documental y de la supuesta serie de HBO. Sensacionalismo puro. En eso se traza la mirada del director y productor. Del mecenas Las cenizas en la urna fina. Aqu\u00ed son las 16 horas del centro de M\u00e9xico.<\/p>\n\n\n\n<p>Emmanuel Carrera, premio Principe de Asturias, escribe en su ensayo El Reino: No creo que Jes\u00fas haya resucitado. No creo que un hombre haya vuelto de entre los muertos. Pero alguien lo crea, y haberlo cre\u00eddo yo mismo, me intriga, me fascina, me perturba, me trastorna: no s\u00e9 que verbo es el m\u00e1s adecuado. Escribo este libro para no imaginarme que se mucho m\u00e1s, sin creerlo ya que los que creen, y que yo mismo cuando lo cre\u00eda. Escribo este libro para no abundar en mi punto de vista.<\/p>\n\n\n\n<p>El cronista esta sentado. Observa, escucha y memoriza. Estamos en medio de un acto solemne. El arzobispo reconoce al gobernador. Les llama por su nombre. Incluso el diminutivo de Marianita para su mujer. Incomoda tanta zalamer\u00eda. Saduceos y fariseos. Griegos, jud\u00edos y romanos.<\/p>\n\n\n\n<p>Nuestro estado laico comulga hasta el paroxismo. Tarde al evento el Adri\u00e1n de la Garza y su esposa. Las bancas dedicadas a la familia apenas ocupadas. Demasiadas ausencias.<\/p>\n\n\n\n<p>Homil\u00eda sobre el hermano ausente. Deseamos creer. Vaya crisis de tormenta interior. La transici\u00f3n de la vida al cosmos.<\/p>\n\n\n\n<p>Mauricio Fern\u00e1ndez Garza representa al humanista secular. Hasta encontrar el espejismo de la frase sumaria. Si Dios quiere. La ciencia racionalista opuesta a la pompa de los credos. Nuestra flama viaja entre lo dionisiaco y apol\u00edneo.<\/p>\n\n\n\n<p>El reino de los cielos sojuzgada, entregada a los gentiles. Somos la estampilla pegada en el sobre del correo franco.<\/p>\n\n\n\n<p>La otra posibilidad, la del ausente, mirar y creer. En la bienaventuranza del renacer. Arrastrar los pies. Desaparecer. Dar cr\u00e9dito a las buenas noticias. Paciencia y gratitud.<\/p>\n","protected":false},"excerpt":{"rendered":"<p>Gerson G\u00f3mez Salas Aqu\u00ed es ahora. En el servicio funerario del empresario convertido en alcalde de San Pedro Garza Garc\u00eda, Mauricio Fern\u00e1ndez Garza, concurren toda clase de personajes locales. Algunos nacionales de filiaci\u00f3n por el bien com\u00fan. Entre las coronas, la de la exministra de la corte Margarita R\u00edos Farjat y su esposo, decoran la [&hellip;]<\/p>\n","protected":false},"author":1,"featured_media":139859,"comment_status":"open","ping_status":"open","sticky":false,"template":"","format":"standard","meta":{"footnotes":""},"categories":[12,5],"tags":[],"_links":{"self":[{"href":"https:\/\/diariodigitalmx.com\/index.php\/wp-json\/wp\/v2\/posts\/139849"}],"collection":[{"href":"https:\/\/diariodigitalmx.com\/index.php\/wp-json\/wp\/v2\/posts"}],"about":[{"href":"https:\/\/diariodigitalmx.com\/index.php\/wp-json\/wp\/v2\/types\/post"}],"author":[{"embeddable":true,"href":"https:\/\/diariodigitalmx.com\/index.php\/wp-json\/wp\/v2\/users\/1"}],"replies":[{"embeddable":true,"href":"https:\/\/diariodigitalmx.com\/index.php\/wp-json\/wp\/v2\/comments?post=139849"}],"version-history":[{"count":2,"href":"https:\/\/diariodigitalmx.com\/index.php\/wp-json\/wp\/v2\/posts\/139849\/revisions"}],"predecessor-version":[{"id":139860,"href":"https:\/\/diariodigitalmx.com\/index.php\/wp-json\/wp\/v2\/posts\/139849\/revisions\/139860"}],"wp:featuredmedia":[{"embeddable":true,"href":"https:\/\/diariodigitalmx.com\/index.php\/wp-json\/wp\/v2\/media\/139859"}],"wp:attachment":[{"href":"https:\/\/diariodigitalmx.com\/index.php\/wp-json\/wp\/v2\/media?parent=139849"}],"wp:term":[{"taxonomy":"category","embeddable":true,"href":"https:\/\/diariodigitalmx.com\/index.php\/wp-json\/wp\/v2\/categories?post=139849"},{"taxonomy":"post_tag","embeddable":true,"href":"https:\/\/diariodigitalmx.com\/index.php\/wp-json\/wp\/v2\/tags?post=139849"}],"curies":[{"name":"wp","href":"https:\/\/api.w.org\/{rel}","templated":true}]}}