{"id":139853,"date":"2025-09-25T05:40:16","date_gmt":"2025-09-25T11:40:16","guid":{"rendered":"https:\/\/diariodigitalmx.com\/?p=139853"},"modified":"2025-09-25T05:52:25","modified_gmt":"2025-09-25T11:52:25","slug":"participan-regiomontanos-en-curso-intensivo-de-nano-tecnologia-impartido-por-mit","status":"publish","type":"post","link":"https:\/\/diariodigitalmx.com\/index.php\/2025\/09\/25\/participan-regiomontanos-en-curso-intensivo-de-nano-tecnologia-impartido-por-mit\/","title":{"rendered":"Participan regiomontanos en curso intensivo de Nano Tecnolog\u00eda impartido por MIT"},"content":{"rendered":"\n<figure class=\"wp-block-video\"><video controls src=\"http:\/\/diariodigitalmx.com\/wp-content\/uploads\/2025\/09\/VID-20250925-WA0000.mp4\"><\/video><\/figure>\n\n\n\n<p>*Del 15 al 19 de septiembre, ocho mexicanos becados por el Tecnol\u00f3gico de Monterrey y el Instituto Tecnol\u00f3gico de Massachusetts trabajaron en laboratorios altamente especializados en nuevas tecnolog\u00edas<\/p>\n\n\n\n<p>*&nbsp;A trav\u00e9s de sesiones te\u00f3ricas -pr\u00e1cticas, los j\u00f3venes procedentes de diversos campus del ITESM desarrollaron Celdas solares, Cantilevers y sistemas de flujo para microfluidos&nbsp;<\/p>\n\n\n\n<p>Monterrey, NL.- Como parte de un acuerdo de intercambio acad\u00e9mico y colaboraci\u00f3n cient\u00edfica, el Instituto Tecnol\u00f3gico y de Estudios Superiores de Monterrey bec\u00f3 a ocho de sus egresados m\u00e1s sobresalientes para participar en el Taller en Nanolaboratorio 2025 organizado por el instituto tecnol\u00f3gico de Massachusetts (MIT), en Boston.<\/p>\n\n\n\n<p>En el encuentro, efectuado del 15 al 19 de septiembre, particip\u00f3 Andr\u00e9s Adair Palacios Campos, junto con otros estudiante como representantes del Campus Monterrey del Sistema Tec.<\/p>\n\n\n\n<p>De 26 a\u00f1os de edad y residente en el municipio de Santa Catarina, Palacios Campos es egresado con honores de la Carrera en Mecatr\u00f3nica y actualmente realiza la Maestr\u00eda en Ciencias de la Ingenier\u00eda enfocada al Control, en el Tec de Monterrey.<\/p>\n\n\n\n<p>Mediante una convocatoria del Tecnol\u00f3gico de Monterrey se seleccion\u00f3 a estudiantes de posgrado y carreras de ingenier\u00eda, cuyo promedio altamente sobresaliente fue avalado por un comit\u00e9 seleccionador del MIT para su participaci\u00f3n en este seminario.<\/p>\n\n\n\n<figure class=\"wp-block-image size-large\"><img loading=\"lazy\" decoding=\"async\" width=\"1024\" height=\"999\" src=\"https:\/\/diariodigitalmx.com\/wp-content\/uploads\/2025\/09\/IMG-20250924-WA0100-1024x999.jpg\" alt=\"\" class=\"wp-image-139862\" srcset=\"https:\/\/diariodigitalmx.com\/wp-content\/uploads\/2025\/09\/IMG-20250924-WA0100-1024x999.jpg 1024w, https:\/\/diariodigitalmx.com\/wp-content\/uploads\/2025\/09\/IMG-20250924-WA0100-300x293.jpg 300w, https:\/\/diariodigitalmx.com\/wp-content\/uploads\/2025\/09\/IMG-20250924-WA0100-768x749.jpg 768w, https:\/\/diariodigitalmx.com\/wp-content\/uploads\/2025\/09\/IMG-20250924-WA0100.jpg 1200w\" sizes=\"(max-width: 1024px) 100vw, 1024px\" \/><\/figure>\n\n\n\n<p>El programa de actividades permiti\u00f3 a los becados efectuar una serie de pr\u00e1cticas en los laboratorios del Tecnol\u00f3gico de Massachusetts, utilizando las herramientas sofisticadas del laboratorio de nanotecnolog\u00eda del que es considerado el instituto de investigaci\u00f3n y desarrollo m\u00e1s avanzado a nivel mundial.<\/p>\n\n\n\n<p>Los estudiantes experimentaron de manera directa bajo la supervisi\u00f3n de los investigadores del MIT en lo que se denomina el &#8220;Cuarto Limpio&#8221;, un \u00e1rea equipada con lo m\u00e1s avanzado en nanotecnolog\u00eda y rob\u00f3tica.<\/p>\n\n\n\n<p>Su objetivo primordial fue acceder a conocimientos in situ para crear y verificar tres tipos de proyectos: celdas solares, Cantilevers y sistemas de flujo para micro fluidos de \u00faltima generaci\u00f3n.<\/p>\n\n\n\n<p>Profesorado altamente capacitado del Tecnol\u00f3gico de Monterrey al igual que el MIT supervisaron y evaluaron tanto el trabajo individual como en equipo de los becados, a fin de garantizar el cumplimiento de las pautas de investigaci\u00f3n y desarrollo en el \u00e1rea de nanotecnolog\u00eda y fomentar la colaboraci\u00f3n entre ambas instituciones acad\u00e9micas.<\/p>\n","protected":false},"excerpt":{"rendered":"<p>*Del 15 al 19 de septiembre, ocho mexicanos becados por el Tecnol\u00f3gico de Monterrey y el Instituto Tecnol\u00f3gico de Massachusetts trabajaron en laboratorios altamente especializados en nuevas tecnolog\u00edas *&nbsp;A trav\u00e9s de sesiones te\u00f3ricas -pr\u00e1cticas, los j\u00f3venes procedentes de diversos campus del ITESM desarrollaron Celdas solares, Cantilevers y sistemas de flujo para microfluidos&nbsp; Monterrey, NL.- Como [&hellip;]<\/p>\n","protected":false},"author":1,"featured_media":139861,"comment_status":"open","ping_status":"open","sticky":false,"template":"","format":"standard","meta":{"footnotes":""},"categories":[14,18],"tags":[],"_links":{"self":[{"href":"https:\/\/diariodigitalmx.com\/index.php\/wp-json\/wp\/v2\/posts\/139853"}],"collection":[{"href":"https:\/\/diariodigitalmx.com\/index.php\/wp-json\/wp\/v2\/posts"}],"about":[{"href":"https:\/\/diariodigitalmx.com\/index.php\/wp-json\/wp\/v2\/types\/post"}],"author":[{"embeddable":true,"href":"https:\/\/diariodigitalmx.com\/index.php\/wp-json\/wp\/v2\/users\/1"}],"replies":[{"embeddable":true,"href":"https:\/\/diariodigitalmx.com\/index.php\/wp-json\/wp\/v2\/comments?post=139853"}],"version-history":[{"count":3,"href":"https:\/\/diariodigitalmx.com\/index.php\/wp-json\/wp\/v2\/posts\/139853\/revisions"}],"predecessor-version":[{"id":139866,"href":"https:\/\/diariodigitalmx.com\/index.php\/wp-json\/wp\/v2\/posts\/139853\/revisions\/139866"}],"wp:featuredmedia":[{"embeddable":true,"href":"https:\/\/diariodigitalmx.com\/index.php\/wp-json\/wp\/v2\/media\/139861"}],"wp:attachment":[{"href":"https:\/\/diariodigitalmx.com\/index.php\/wp-json\/wp\/v2\/media?parent=139853"}],"wp:term":[{"taxonomy":"category","embeddable":true,"href":"https:\/\/diariodigitalmx.com\/index.php\/wp-json\/wp\/v2\/categories?post=139853"},{"taxonomy":"post_tag","embeddable":true,"href":"https:\/\/diariodigitalmx.com\/index.php\/wp-json\/wp\/v2\/tags?post=139853"}],"curies":[{"name":"wp","href":"https:\/\/api.w.org\/{rel}","templated":true}]}}