{"id":139887,"date":"2025-09-25T20:12:13","date_gmt":"2025-09-26T02:12:13","guid":{"rendered":"https:\/\/diariodigitalmx.com\/?p=139887"},"modified":"2025-09-25T20:33:53","modified_gmt":"2025-09-26T02:33:53","slug":"atleta-de-prepa-2-se-sube-al-podium-del-5k-de-la-carrera-del-429-aniversario-fundacion-de-monterrey","status":"publish","type":"post","link":"https:\/\/diariodigitalmx.com\/index.php\/2025\/09\/25\/atleta-de-prepa-2-se-sube-al-podium-del-5k-de-la-carrera-del-429-aniversario-fundacion-de-monterrey\/","title":{"rendered":"Atleta de Prepa 2 se sube al p\u00f3dium del 5k \u00a0\u00a0de la carrera del 429 Aniversario Fundaci\u00f3n de Monterrey"},"content":{"rendered":"\n<p><\/p>\n\n\n\n<p><strong>-Joyce Galilea Garc\u00eda Ontiveros estudiante del primer semestre de legendaria instituci\u00f3n universitaria de la colonia Obispado, conquista el 2\u00ba. Lugar en la distancia de 5 mil metros en la competencia donde participaron cerca de 2,500 corredores<\/strong><\/p>\n\n\n\n<p>Por: Joys Galilea Garc\u00eda Ontiveros\/Taller de Periodismo Prepa 2.-&nbsp;En el marco de la celebraci\u00f3n del 429 aniversario de la Fundaci\u00f3n de Monterrey, se llev\u00f3 a cabo su tradicional carrera en las distancias de 10K y 5K, donde se reunieron m\u00e1s de 2.500 a corredores de todas las edades en un ambiente de fiesta deportiva.<\/p>\n\n\n\n<p>El evento que tuvo como escenario las principales calles y avenidas del primer cuadro de la ciudad capital de Nuevo Le\u00f3n, dio inicio a temprana hora del d\u00eda, rompiendo con la tranquilidad habitual de los domingos regiomontanos.<\/p>\n\n\n\n<p>La emoci\u00f3n de la competencia se vivi\u00f3 desde el disparo de salida, hasta el momento de subir al podio, donde la joven universitaria Joyce Galilea Garc\u00eda Ontiveros\u00a0de tan solo 15 a\u00f1os reconocida por su entrega, disciplina y determinaci\u00f3n, peleo palmo a palmo con la experimentada corredora Ang\u00e9lica Mojica Hern\u00e1ndez quien con su tiempo de 20:33 logr\u00f3 el primer lugar de la competencia 5k, dejando en el segundo sitio a la representante de la Preparatoria 2 con marca de 23:10<\/p>\n\n\n\n<figure class=\"wp-block-image size-full\"><img loading=\"lazy\" decoding=\"async\" width=\"650\" height=\"404\" src=\"https:\/\/diariodigitalmx.com\/wp-content\/uploads\/2025\/09\/IMG-20250925-WA0182.jpg\" alt=\"\" class=\"wp-image-139897\" srcset=\"https:\/\/diariodigitalmx.com\/wp-content\/uploads\/2025\/09\/IMG-20250925-WA0182.jpg 650w, https:\/\/diariodigitalmx.com\/wp-content\/uploads\/2025\/09\/IMG-20250925-WA0182-300x186.jpg 300w\" sizes=\"(max-width: 650px) 100vw, 650px\" \/><\/figure>\n\n\n\n<p>Luego de esta carrera, Joyce Garc\u00eda, continuar\u00e1 su preparaci\u00f3n rumbo a las competencias inter-preparatorias UANL de atletismo dentro en la prueba de 1000metros caminata, as\u00ed como a la edici\u00f3n 46 del tradicional Trote Vaquero a celebrarse en el mes de octubre pr\u00f3ximo.<\/p>\n\n\n\n<p>Cabe mencionar que la joven estudiante a pesar de su corta edad, poco a poco se ha ido abriendo paso dentro del atletismo dentro del Club Gacelas y Alces con sede en las instalaciones de la Unidad Deportiva Monterrey 400 bajo la direcci\u00f3n t\u00e9cnica de Enrique Del Castillo Rodr\u00edguez participando en competencias escolares, estatales y regionales.<\/p>\n","protected":false},"excerpt":{"rendered":"<p>-Joyce Galilea Garc\u00eda Ontiveros estudiante del primer semestre de legendaria instituci\u00f3n universitaria de la colonia Obispado, conquista el 2\u00ba. Lugar en la distancia de 5 mil metros en la competencia donde participaron cerca de 2,500 corredores Por: Joys Galilea Garc\u00eda Ontiveros\/Taller de Periodismo Prepa 2.-&nbsp;En el marco de la celebraci\u00f3n del 429 aniversario de la [&hellip;]<\/p>\n","protected":false},"author":1,"featured_media":139896,"comment_status":"open","ping_status":"open","sticky":false,"template":"","format":"standard","meta":{"footnotes":""},"categories":[8],"tags":[],"_links":{"self":[{"href":"https:\/\/diariodigitalmx.com\/index.php\/wp-json\/wp\/v2\/posts\/139887"}],"collection":[{"href":"https:\/\/diariodigitalmx.com\/index.php\/wp-json\/wp\/v2\/posts"}],"about":[{"href":"https:\/\/diariodigitalmx.com\/index.php\/wp-json\/wp\/v2\/types\/post"}],"author":[{"embeddable":true,"href":"https:\/\/diariodigitalmx.com\/index.php\/wp-json\/wp\/v2\/users\/1"}],"replies":[{"embeddable":true,"href":"https:\/\/diariodigitalmx.com\/index.php\/wp-json\/wp\/v2\/comments?post=139887"}],"version-history":[{"count":2,"href":"https:\/\/diariodigitalmx.com\/index.php\/wp-json\/wp\/v2\/posts\/139887\/revisions"}],"predecessor-version":[{"id":139898,"href":"https:\/\/diariodigitalmx.com\/index.php\/wp-json\/wp\/v2\/posts\/139887\/revisions\/139898"}],"wp:featuredmedia":[{"embeddable":true,"href":"https:\/\/diariodigitalmx.com\/index.php\/wp-json\/wp\/v2\/media\/139896"}],"wp:attachment":[{"href":"https:\/\/diariodigitalmx.com\/index.php\/wp-json\/wp\/v2\/media?parent=139887"}],"wp:term":[{"taxonomy":"category","embeddable":true,"href":"https:\/\/diariodigitalmx.com\/index.php\/wp-json\/wp\/v2\/categories?post=139887"},{"taxonomy":"post_tag","embeddable":true,"href":"https:\/\/diariodigitalmx.com\/index.php\/wp-json\/wp\/v2\/tags?post=139887"}],"curies":[{"name":"wp","href":"https:\/\/api.w.org\/{rel}","templated":true}]}}