{"id":139979,"date":"2025-09-29T21:24:45","date_gmt":"2025-09-30T03:24:45","guid":{"rendered":"https:\/\/diariodigitalmx.com\/?p=139979"},"modified":"2025-09-29T21:35:18","modified_gmt":"2025-09-30T03:35:18","slug":"destaca-mijes-avances-en-escobedo-seguridad-inversion-externa-trabajo-conjunto-con-el-estado-rinde-informe-de-gobierno","status":"publish","type":"post","link":"https:\/\/diariodigitalmx.com\/index.php\/2025\/09\/29\/destaca-mijes-avances-en-escobedo-seguridad-inversion-externa-trabajo-conjunto-con-el-estado-rinde-informe-de-gobierno\/","title":{"rendered":"Destaca Mijes avances en Escobedo, seguridad, inversi\u00f3n externa, trabajo conjunto con el Estado; rinde informe"},"content":{"rendered":"\n<figure class=\"wp-block-image size-full\"><img loading=\"lazy\" decoding=\"async\" width=\"707\" height=\"919\" src=\"https:\/\/diariodigitalmx.com\/wp-content\/uploads\/2025\/09\/Screenshot_20250929_213022_Gallery.jpg\" alt=\"\" class=\"wp-image-139983\" srcset=\"https:\/\/diariodigitalmx.com\/wp-content\/uploads\/2025\/09\/Screenshot_20250929_213022_Gallery.jpg 707w, https:\/\/diariodigitalmx.com\/wp-content\/uploads\/2025\/09\/Screenshot_20250929_213022_Gallery-231x300.jpg 231w\" sizes=\"(max-width: 707px) 100vw, 707px\" \/><\/figure>\n\n\n\n<p>Andr\u00e9s Mijes destac\u00f3 los resultados positivos en materia de seguridad, la inversi\u00f3n que llega a Escobedo y las obras que cambian el perfil de la municipalidad, adem\u00e1s de, considerar que ya es tiempo de sustituir problemas comunes por soluciones comunes en la zona conurbada regiomontana.<\/p>\n\n\n\n<p>Al rendir su informe de gobierno, el Edil de Escobedo, tambi\u00e9n resalt\u00f3 la coordinaci\u00f3n que tiene la autoridad municipal con la estatal y, ante la presencia del gobernador del estado, Samuel Garc\u00eda, Mijes inform\u00f3 que se trabaja con una visi\u00f3n a largo plazo.<\/p>\n\n\n\n<figure class=\"wp-block-image size-large\"><img loading=\"lazy\" decoding=\"async\" width=\"1024\" height=\"681\" src=\"https:\/\/diariodigitalmx.com\/wp-content\/uploads\/2025\/09\/FB_IMG_1759202903860-1024x681.jpg\" alt=\"\" class=\"wp-image-139988\" srcset=\"https:\/\/diariodigitalmx.com\/wp-content\/uploads\/2025\/09\/FB_IMG_1759202903860-1024x681.jpg 1024w, https:\/\/diariodigitalmx.com\/wp-content\/uploads\/2025\/09\/FB_IMG_1759202903860-300x199.jpg 300w, https:\/\/diariodigitalmx.com\/wp-content\/uploads\/2025\/09\/FB_IMG_1759202903860-768x511.jpg 768w, https:\/\/diariodigitalmx.com\/wp-content\/uploads\/2025\/09\/FB_IMG_1759202903860.jpg 1280w\" sizes=\"(max-width: 1024px) 100vw, 1024px\" \/><\/figure>\n\n\n\n<p>Sobresalieron los resultados en materia de seguridad donde, dijo, en <strong>Escobedo<\/strong>&nbsp;se logr\u00f3 reducir un 72.3 por ciento los feminicidios en grado de tentativa, 44.1 por ciento el robo a negocio y un 37.2 los homicidios dolosos.<\/p>\n\n\n\n<p>Asimismo, se logr\u00f3 bajar un 35.7 por ciento el robo a casa habitaci\u00f3n, 26.9 el robo a persona y 16.1 la violencia familiar.<br>Adem\u00e1s, con el trabajo de una visi\u00f3n a largo plazo, Proxpol fue distinguida, como la \u00fanica polic\u00eda local en recibir una distinci\u00f3n internacionalmente.<\/p>\n\n\n\n<figure class=\"wp-block-image size-large\"><img loading=\"lazy\" decoding=\"async\" width=\"1024\" height=\"681\" src=\"https:\/\/diariodigitalmx.com\/wp-content\/uploads\/2025\/09\/FB_IMG_1759202971535-1024x681.jpg\" alt=\"\" class=\"wp-image-139986\" srcset=\"https:\/\/diariodigitalmx.com\/wp-content\/uploads\/2025\/09\/FB_IMG_1759202971535-1024x681.jpg 1024w, https:\/\/diariodigitalmx.com\/wp-content\/uploads\/2025\/09\/FB_IMG_1759202971535-300x199.jpg 300w, https:\/\/diariodigitalmx.com\/wp-content\/uploads\/2025\/09\/FB_IMG_1759202971535-768x511.jpg 768w, https:\/\/diariodigitalmx.com\/wp-content\/uploads\/2025\/09\/FB_IMG_1759202971535.jpg 1280w\" sizes=\"(max-width: 1024px) 100vw, 1024px\" \/><\/figure>\n\n\n\n<p>&#8220;Con una inversi\u00f3n asegurada cercana a los 3 mil millones en estos cuatro a\u00f1os, s\u00ed, 3 mil millones de pesos en seguridad bajo mi mandato, pensamos mantener y mejorar esos est\u00e1ndares&#8221;, agreg\u00f3.<\/p>\n\n\n\n<p>Tambi\u00e9n resalt\u00f3 la confianza en Escobedo por parte de los inversionistas privados nacionales y extranjeros, en donde, \u00e9stos \u00faltimos le han apostado e invertido\u00a0 por lo que Escobedo ha conseguido generar m\u00e1s de 18 mil 500 empleos durante la pasada gesti\u00f3n y se acerca a 32 mil durante la actual administraci\u00f3n.<br>Mijes llover\u00e1 recalc\u00f3 la coordinaci\u00f3n que hay entre el Estado y el municipio de Escobedo, y comunic\u00f3\u00a0 que, en colaboraci\u00f3n con el\u00a0<strong>gobernador Samuel Garc\u00eda<\/strong>, \u00a0han logrado remodelar la\u00a0<strong>Carretera a Laredo<\/strong>\u00a0y la continuidad de las obras en el\u00a0<strong>Distribuidor Vial Tri\u00e1ngulo Norte<\/strong>. &#8220;Es un esfuerzo conjunto que muestra que cuando Estado y municipios trabajamos en equipo, la Zona Metropolitana gana en dinamismo, competitividad y calidad de vida&#8221;, apunt\u00f3.<\/p>\n\n\n\n<figure class=\"wp-block-image size-full\"><img loading=\"lazy\" decoding=\"async\" width=\"854\" height=\"793\" src=\"https:\/\/diariodigitalmx.com\/wp-content\/uploads\/2025\/09\/FB_IMG_1759202951110.jpg\" alt=\"\" class=\"wp-image-139987\" srcset=\"https:\/\/diariodigitalmx.com\/wp-content\/uploads\/2025\/09\/FB_IMG_1759202951110.jpg 854w, https:\/\/diariodigitalmx.com\/wp-content\/uploads\/2025\/09\/FB_IMG_1759202951110-300x279.jpg 300w, https:\/\/diariodigitalmx.com\/wp-content\/uploads\/2025\/09\/FB_IMG_1759202951110-768x713.jpg 768w\" sizes=\"(max-width: 854px) 100vw, 854px\" \/><\/figure>\n\n\n\n<p>Al referirse a la coordinaci\u00f3n metropolitana, destac\u00f3 que es tiempo de sustituir los problemas comunes por las soluciones comunes.<br>&#8220;Lo que afecta a&nbsp;<strong>Apodaca<\/strong>&nbsp;o&nbsp;<strong>San Nicol\u00e1s<\/strong>, a&nbsp;<strong>Monterrey<\/strong>&nbsp;o&nbsp;<strong>San Pedro<\/strong>, a cada municipio, tambi\u00e9n nos impacta a nosotros; y lo que resolvemos aqu\u00ed tambi\u00e9n fortalece a toda la metr\u00f3poli y la entidad entera&#8221;.<br>&#8220;Por eso lo hemos dicho en la&nbsp;<strong>Mesa de Coordinaci\u00f3n Metropolitana<\/strong>: debemos pasar de tener problemas comunes a tener soluciones comunes&#8221;, puntualiz\u00f3.<\/p>\n\n\n\n<p>Andr\u00e9s Mijes record\u00f3 al reci\u00e9n fallecido Mauricio Fern\u00e1ndez, Alcalde de San Pedro Garza Garc\u00eda: &#8220;La democracia siempre necesitar\u00e1 a ciudadanos ejemplares que renuncien a la comodidad privada para servir con ideales, con vocaci\u00f3n y con personalidad, como lo hizo quien hoy ya es un referente hist\u00f3rico:&nbsp;<strong>Mauricio Fern\u00e1ndez Garza<\/strong>&#8220;.<\/p>\n","protected":false},"excerpt":{"rendered":"<p>Andr\u00e9s Mijes destac\u00f3 los resultados positivos en materia de seguridad, la inversi\u00f3n que llega a Escobedo y las obras que cambian el perfil de la municipalidad, adem\u00e1s de, considerar que ya es tiempo de sustituir problemas comunes por soluciones comunes en la zona conurbada regiomontana. Al rendir su informe de gobierno, el Edil de Escobedo, [&hellip;]<\/p>\n","protected":false},"author":1,"featured_media":139981,"comment_status":"open","ping_status":"open","sticky":false,"template":"","format":"standard","meta":{"footnotes":""},"categories":[6,3,5],"tags":[],"_links":{"self":[{"href":"https:\/\/diariodigitalmx.com\/index.php\/wp-json\/wp\/v2\/posts\/139979"}],"collection":[{"href":"https:\/\/diariodigitalmx.com\/index.php\/wp-json\/wp\/v2\/posts"}],"about":[{"href":"https:\/\/diariodigitalmx.com\/index.php\/wp-json\/wp\/v2\/types\/post"}],"author":[{"embeddable":true,"href":"https:\/\/diariodigitalmx.com\/index.php\/wp-json\/wp\/v2\/users\/1"}],"replies":[{"embeddable":true,"href":"https:\/\/diariodigitalmx.com\/index.php\/wp-json\/wp\/v2\/comments?post=139979"}],"version-history":[{"count":3,"href":"https:\/\/diariodigitalmx.com\/index.php\/wp-json\/wp\/v2\/posts\/139979\/revisions"}],"predecessor-version":[{"id":139989,"href":"https:\/\/diariodigitalmx.com\/index.php\/wp-json\/wp\/v2\/posts\/139979\/revisions\/139989"}],"wp:featuredmedia":[{"embeddable":true,"href":"https:\/\/diariodigitalmx.com\/index.php\/wp-json\/wp\/v2\/media\/139981"}],"wp:attachment":[{"href":"https:\/\/diariodigitalmx.com\/index.php\/wp-json\/wp\/v2\/media?parent=139979"}],"wp:term":[{"taxonomy":"category","embeddable":true,"href":"https:\/\/diariodigitalmx.com\/index.php\/wp-json\/wp\/v2\/categories?post=139979"},{"taxonomy":"post_tag","embeddable":true,"href":"https:\/\/diariodigitalmx.com\/index.php\/wp-json\/wp\/v2\/tags?post=139979"}],"curies":[{"name":"wp","href":"https:\/\/api.w.org\/{rel}","templated":true}]}}