{"id":139990,"date":"2025-09-29T21:40:44","date_gmt":"2025-09-30T03:40:44","guid":{"rendered":"https:\/\/diariodigitalmx.com\/?p=139990"},"modified":"2025-09-29T21:42:43","modified_gmt":"2025-09-30T03:42:43","slug":"adios-al-tio-mau","status":"publish","type":"post","link":"https:\/\/diariodigitalmx.com\/index.php\/2025\/09\/29\/adios-al-tio-mau\/","title":{"rendered":"Adi\u00f3s al \u201cT\u00edo Mau\u2026\u201d"},"content":{"rendered":"\n<p>Cosas del Tony<\/p>\n\n\n\n<p>Por: Antonio S\u00e1nchez R.<\/p>\n\n\n\n<p>Esta semana que pas\u00f3 y la anterior tambi\u00e9n, fueron demasiado intensas en muchos aspectos, pero lo que de plano se convirti\u00f3 en tema central fue la dimisi\u00f3n de facto de Mauricio Fern\u00e1ndez Garza a la alcald\u00eda de San Pedro Garza Garc\u00eda, quien p\u00fablicamente anunci\u00f3 que hab\u00eda solicitado licencia por 15 d\u00edas a su encargo, pero que al t\u00e9rmino de esa licencia, se ausentar\u00eda de manera definitiva.<\/p>\n\n\n\n<p>Nadie, absolutamente nadie, me incluyo, pens\u00f3 que el plazo establecido por Mauricio no se cumplir\u00eda, que mucho antes de lo mencionado su paso por el plano terrenal llegar\u00eda a su fin, dejando tras de s\u00ed una estela interesante, un legado que llama la atenci\u00f3n por el gran impacto que su figura, siempre imponente, dej\u00f3 en propios y extra\u00f1os.<\/p>\n\n\n\n<p>Siempre pol\u00e9mico y con una forma de practicar la pol\u00edtica muy a su manera, quien se convirtiera en el \u201cT\u00edo\u201d de una amplia camada de j\u00f3venes sampetrinos, trascendi\u00f3 de manera interesante, construyendo desde muy joven una carrera que lo convertir\u00eda en uno de los pol\u00edticos m\u00e1s importantes en el estado de Nuevo Le\u00f3n y del norte de M\u00e9xico.<\/p>\n\n\n\n<p>Con su singular forma de ser, cautiv\u00f3 a miles de sampetrinos, estableciendo una especie de coto personal en un municipio al que gobern\u00f3 en cuatro de las cinco ocasiones en que contendi\u00f3 por su alcald\u00eda. Su sola presencia en las boletas electorales pon\u00eda a temblar a sus rivales pues casi siempre tuvo en sus manos el apoyo de las mayor\u00edas.<\/p>\n\n\n\n<p>Hablar de Mauricio Fern\u00e1ndez, es habar de un hombre que hizo frente al sistema gubernamental desde que exist\u00eda una hegemon\u00eda partidista, a\u00fan a pesar de los obst\u00e1culos impuestos desde el interior de su propio partido. Porque, por si ustedes no lo saben, Mauricio tuvo qu\u00e9 remar a contra corriente en un partido que estaba acostumbrado a ser siempre plato de segunda mesa.<\/p>\n\n\n\n<p>Por eso, desde que empez\u00f3 a abrir los primeros \u201cboquetes\u201d al sistema, se convirti\u00f3 en una especie de art\u00edfice para la organizaci\u00f3n de estrategias que llevar\u00edan a su partido, posteriormente, a aumentar la cantidad de triunfos electorales, primero en Nuevo Le\u00f3n y luego, en otras latitudes del pa\u00eds.<\/p>\n\n\n\n<p>Mauricio, un rebelde en toda la extensi\u00f3n de la palabra, como lo han descrito algunos de sus amigos e inclusive \u00e9l mismo, se convirti\u00f3 en un verdadero \u00edcono de la pol\u00edtica nuevoleonesa y su paso por el gobierno municipal de San Pedro Garza Garc\u00eda ha quedado impreso, con una huella indeleble, dif\u00edcil de borrar.<\/p>\n\n\n\n<p>Se dice por ah\u00ed que la mejor decisi\u00f3n que lleg\u00f3 a tomar Mauricio, fue el haber tomado el camino de la pol\u00edtica, pues en este \u00e1mbito se desenvolvi\u00f3 como pez en el agua y fue ah\u00ed en donde su presencia brillo realmente, contando con el apoyo decidido y decisivo de su familia, que desde siempre advirti\u00f3 de su potencial y posibilidades en dicho terreno.<\/p>\n\n\n\n<p>Hemos comentado en infinidad de ocasiones situaciones, temas relacionados con la vida de Mauricio Fern\u00e1ndez Garza, personaje que, incluso, fue objeto de una especie de reconocimiento al producirse una serie televisiva alusiva a su vida, a su carrera. Quienes han visto dicha serie, comentan que todo es relativo, que muchas de las situaciones no concuerdan con la realidad. Pero \u00e9l mismo autoriz\u00f3 el guion y su posterior producci\u00f3n y proyecci\u00f3n.<\/p>\n\n\n\n<p>Pero, independientemente de todo, al final de cuentas, creo que la figura del pol\u00edtico termina pesando m\u00e1s que todo lo dem\u00e1s. Su incuestionable influencia en la vida pol\u00edtica de San Pedro Garza Garc\u00eda no se puede ocultar, como tampoco su legado. Infinidad de j\u00f3venes sampetrinos quedaron marcados desde su \u00faltima campa\u00f1a pol\u00edtica, en la que se convirti\u00f3 en ese t\u00edo que todos quer\u00edan tener, ese \u201cT\u00edo Mauricio\u201d que hoy, ya no est\u00e1 presente, pero que seguir\u00e1 presente en ese legado que siempre estar\u00e1 vigente.<\/p>\n","protected":false},"excerpt":{"rendered":"<p>Cosas del Tony Por: Antonio S\u00e1nchez R. Esta semana que pas\u00f3 y la anterior tambi\u00e9n, fueron demasiado intensas en muchos aspectos, pero lo que de plano se convirti\u00f3 en tema central fue la dimisi\u00f3n de facto de Mauricio Fern\u00e1ndez Garza a la alcald\u00eda de San Pedro Garza Garc\u00eda, quien p\u00fablicamente anunci\u00f3 que hab\u00eda solicitado licencia [&hellip;]<\/p>\n","protected":false},"author":1,"featured_media":138673,"comment_status":"open","ping_status":"open","sticky":false,"template":"","format":"standard","meta":{"footnotes":""},"categories":[12],"tags":[],"_links":{"self":[{"href":"https:\/\/diariodigitalmx.com\/index.php\/wp-json\/wp\/v2\/posts\/139990"}],"collection":[{"href":"https:\/\/diariodigitalmx.com\/index.php\/wp-json\/wp\/v2\/posts"}],"about":[{"href":"https:\/\/diariodigitalmx.com\/index.php\/wp-json\/wp\/v2\/types\/post"}],"author":[{"embeddable":true,"href":"https:\/\/diariodigitalmx.com\/index.php\/wp-json\/wp\/v2\/users\/1"}],"replies":[{"embeddable":true,"href":"https:\/\/diariodigitalmx.com\/index.php\/wp-json\/wp\/v2\/comments?post=139990"}],"version-history":[{"count":1,"href":"https:\/\/diariodigitalmx.com\/index.php\/wp-json\/wp\/v2\/posts\/139990\/revisions"}],"predecessor-version":[{"id":139991,"href":"https:\/\/diariodigitalmx.com\/index.php\/wp-json\/wp\/v2\/posts\/139990\/revisions\/139991"}],"wp:featuredmedia":[{"embeddable":true,"href":"https:\/\/diariodigitalmx.com\/index.php\/wp-json\/wp\/v2\/media\/138673"}],"wp:attachment":[{"href":"https:\/\/diariodigitalmx.com\/index.php\/wp-json\/wp\/v2\/media?parent=139990"}],"wp:term":[{"taxonomy":"category","embeddable":true,"href":"https:\/\/diariodigitalmx.com\/index.php\/wp-json\/wp\/v2\/categories?post=139990"},{"taxonomy":"post_tag","embeddable":true,"href":"https:\/\/diariodigitalmx.com\/index.php\/wp-json\/wp\/v2\/tags?post=139990"}],"curies":[{"name":"wp","href":"https:\/\/api.w.org\/{rel}","templated":true}]}}