{"id":140004,"date":"2025-09-30T05:47:05","date_gmt":"2025-09-30T11:47:05","guid":{"rendered":"https:\/\/diariodigitalmx.com\/?p=140004"},"modified":"2025-09-30T05:48:15","modified_gmt":"2025-09-30T11:48:15","slug":"solicita-claudia-caballero-que-profepa-investigue-maltrato-a-osa","status":"publish","type":"post","link":"https:\/\/diariodigitalmx.com\/index.php\/2025\/09\/30\/solicita-claudia-caballero-que-profepa-investigue-maltrato-a-osa\/","title":{"rendered":"Solicita Claudia Caballero que Profepa investigue maltrato a osa"},"content":{"rendered":"\n<p>Para que sean investigadas las irregularidades que se han sido denunciadas de maltrato a los animales en el zool\u00f3gico de La Pastora, el Congreso del Estado exhort\u00f3 a la Procuradur\u00eda Federal de la Protecci\u00f3n al Ambiente para que realice una investigaci\u00f3n que conlleve a medidas correctivas.<\/p>\n\n\n\n<p>Claudia Caballero Ch\u00e1vez, diputada del Partido Acci\u00f3n Nacional, consider\u00f3 necesario que la Profepa debe realizar una investigaci\u00f3n exhaustiva y transparente respecto al caso de la osa Mina en el Zool\u00f3gico La Pastora, a fin de asegurar sanciones ejemplares, medidas correctivas inmediatas y acciones preventivas que eviten hechos tan lamentables.<\/p>\n\n\n\n<p>\u201cRecientemente, la ciudadan\u00eda fue testigo de la lamentable situaci\u00f3n en la que se encontraba la osa Mina, ejemplar en custodia del Parque zool\u00f3gico La Pastora, cuyo estado de salud evidenci\u00f3 negligencia grave, omisiones sistem\u00e1ticas y pr\u00e1cticas incompatibles con el trato digno y responsable que requieren las especies bajo cuidado humano.<\/p>\n\n\n\n<p>\u201cLa intervenci\u00f3n de Profepa tras la denuncia p\u00fablica fue tard\u00eda y limitada, por lo que es indispensable que este organismo cumpla de manera estricta con su mandato legal y garantice no solo sanciones ejemplares a los responsables, sino tambi\u00e9n medidas preventivas y correctivas que impidan la repetici\u00f3n de hechos tan dolorosos y reprobables\u201d.<\/p>\n\n\n\n<p>A petici\u00f3n de Caballero Ch\u00e1vez, que fue apoyada por integrantes de los distintos Grupos Legislativos la Profepa deber\u00e1 informar sobre los resultados de los estudios practicados a la osa Mina; si existen otros ejemplares en condiciones similares de deterioro o maltrato dentro del zool\u00f3gico La Pastora.<\/p>\n\n\n\n<p>Asimismo, la dependencia federal habr\u00e1 de referir las sanciones correspondientes para las personas involucradas y si se interpondr\u00e1n denuncias ante la Fiscal\u00eda General de la Rep\u00fablica, en caso de configurarse delitos federales.<\/p>\n\n\n\n<p>Se solicit\u00f3 tambi\u00e9n a la Profepa precisar el estatus legal y administrativo bajo el cual se encontraba la osa Mina; as\u00ed como el plan de acci\u00f3n integral que habr\u00e1 de implementarse para garantizar que situaciones de maltrato y negligencia animal no vuelvan a ocurrir en dicho espacio.<\/p>\n","protected":false},"excerpt":{"rendered":"<p>Para que sean investigadas las irregularidades que se han sido denunciadas de maltrato a los animales en el zool\u00f3gico de La Pastora, el Congreso del Estado exhort\u00f3 a la Procuradur\u00eda Federal de la Protecci\u00f3n al Ambiente para que realice una investigaci\u00f3n que conlleve a medidas correctivas. Claudia Caballero Ch\u00e1vez, diputada del Partido Acci\u00f3n Nacional, consider\u00f3 [&hellip;]<\/p>\n","protected":false},"author":1,"featured_media":140006,"comment_status":"open","ping_status":"open","sticky":false,"template":"","format":"standard","meta":{"footnotes":""},"categories":[6],"tags":[],"_links":{"self":[{"href":"https:\/\/diariodigitalmx.com\/index.php\/wp-json\/wp\/v2\/posts\/140004"}],"collection":[{"href":"https:\/\/diariodigitalmx.com\/index.php\/wp-json\/wp\/v2\/posts"}],"about":[{"href":"https:\/\/diariodigitalmx.com\/index.php\/wp-json\/wp\/v2\/types\/post"}],"author":[{"embeddable":true,"href":"https:\/\/diariodigitalmx.com\/index.php\/wp-json\/wp\/v2\/users\/1"}],"replies":[{"embeddable":true,"href":"https:\/\/diariodigitalmx.com\/index.php\/wp-json\/wp\/v2\/comments?post=140004"}],"version-history":[{"count":1,"href":"https:\/\/diariodigitalmx.com\/index.php\/wp-json\/wp\/v2\/posts\/140004\/revisions"}],"predecessor-version":[{"id":140005,"href":"https:\/\/diariodigitalmx.com\/index.php\/wp-json\/wp\/v2\/posts\/140004\/revisions\/140005"}],"wp:featuredmedia":[{"embeddable":true,"href":"https:\/\/diariodigitalmx.com\/index.php\/wp-json\/wp\/v2\/media\/140006"}],"wp:attachment":[{"href":"https:\/\/diariodigitalmx.com\/index.php\/wp-json\/wp\/v2\/media?parent=140004"}],"wp:term":[{"taxonomy":"category","embeddable":true,"href":"https:\/\/diariodigitalmx.com\/index.php\/wp-json\/wp\/v2\/categories?post=140004"},{"taxonomy":"post_tag","embeddable":true,"href":"https:\/\/diariodigitalmx.com\/index.php\/wp-json\/wp\/v2\/tags?post=140004"}],"curies":[{"name":"wp","href":"https:\/\/api.w.org\/{rel}","templated":true}]}}