{"id":140027,"date":"2025-09-30T12:31:28","date_gmt":"2025-09-30T18:31:28","guid":{"rendered":"https:\/\/diariodigitalmx.com\/?p=140027"},"modified":"2025-09-30T12:49:26","modified_gmt":"2025-09-30T18:49:26","slug":"acusa-adan-augusto-que-modificaron-informacion-fiscal-tiene-comunicacion-con-amlo-dice","status":"publish","type":"post","link":"https:\/\/diariodigitalmx.com\/index.php\/2025\/09\/30\/acusa-adan-augusto-que-modificaron-informacion-fiscal-tiene-comunicacion-con-amlo-dice\/","title":{"rendered":"Acusa Ad\u00e1n Augusto que modificaron informaci\u00f3n fiscal; tiene comunicaci\u00f3n con AMLO, dice"},"content":{"rendered":"\n<p>El coordinador de Morena en el Senado de la Rep\u00fablica,&nbsp;<strong><a href=\"https:\/\/lasillarota.com\/nacion\/2025\/9\/29\/adan-augusto-ya-aclaro-el-tema-de-sus-declaraciones-no-se-le-investiga-sheinbaum-559231.html\" target=\"_blank\" rel=\"noreferrer noopener\">Ad\u00e1n Augusto L\u00f3pez<\/a>&nbsp; reconoci\u00f3 que mantiene comunicaci\u00f3n con el ex presidente Andr\u00e9s Manuel L\u00f3pez Obrador, y acus\u00f3 que <\/strong>la&nbsp;<strong>informaci\u00f3n fiscal<\/strong>&nbsp;presentada en televisi\u00f3n&nbsp;fue modificada con la intenci\u00f3n de perjudicarlo, ya que la portada presenta cambios en los ingresos.<\/p>\n\n\n\n<p><strong>D<\/strong>esminti\u00f3 que se hubiera reunido con el expresidente&nbsp;<strong><a href=\"https:\/\/lasillarota.com\/nacion\/2025\/9\/26\/adan-augusto-admite-ingresos-de-80-millones-de-empresas-con-irregularidades-558780.html\" target=\"_blank\" rel=\"noreferrer noopener\">Andr\u00e9s Manuel L\u00f3pez Obrador<\/a><\/strong>, &#8220;si tengo comunicaci\u00f3n con \u00e9l, pero no me he reunido con \u00e9l&#8221;.<\/p>\n\n\n\n<p>En entrevista con Ciro G\u00f3mez Leyva para Radio F\u00f3rmula, afirm\u00f3 que la cifra que se cita no corresponde al total de su declaraci\u00f3n, sino \u00fanicamente una parte de ella. Sin embargo, un peri\u00f3dico de l\u00ednea editorial de derecha afirm\u00f3 que \u00fanicamente pagu\u00e9 un porcentaje.<\/p>\n\n\n\n<p>&#8220;Quiero subrayar que siempre he sido muy cuidadoso y responsable en el cumplimiento del pago de mis ingresos. El que nada debe nada teme, soy un viejo pol\u00edtico que estoy acostumbrado a los ataques, pero he demostrado que soy eficaz al movimiento\u201d, a\u00f1adi\u00f3.<\/p>\n\n\n\n<p>El legislador asegura que cuenta con el apoyo de sus compa\u00f1eros y del movimiento, asegura que seguir\u00e1 en el Senado, &#8221;&nbsp;voy a cumplir con mi encargo&#8221;.<\/p>\n\n\n\n<p>Sobre el exsecretario de Seguridad,<a href=\"https:\/\/lasillarota.com\/nacion\/2025\/9\/23\/hernan-bermudez-vinculado-proceso-por-estos-delitos-558109.html\" target=\"_blank\" rel=\"noreferrer noopener\"><strong>&nbsp;Hern\u00e1n Berm\u00fadez&nbsp;<\/strong><\/a>reiter\u00f3 que ni como gobernador de Tabasco ni como secretario de Gobernaci\u00f3n tuvo alg\u00fan reporte o denuncia contra el exfuncionario, cuyas&nbsp; investigaciones empezaron en 2024.<\/p>\n\n\n\n<p>El pasado 26 de septiembre, el senador reconoci\u00f3 que ha recibido recursos econ\u00f3micos de empresas privadas que tuvieron irregularidades ante el SAT, y, confirm\u00f3 que obtuvo en dos a\u00f1os alrededor de 80 millones de pesos pero rechaz\u00f3 que estos ingresos constituyan una ilegalidad&nbsp; o que hayan sido ocultados con fines il\u00edcitos.<\/p>\n\n\n\n<p>Ante los medios, el legislador mostr\u00f3 documentos y acept\u00f3 los pagos de al menos tres empresas: GH Servicios Empresariales, se\u00f1alada por el SAT como compa\u00f1\u00eda fantasma; Operadora Tur\u00edstica Rabatte, S. de C.V., vinculada a su hermano Melchor L\u00f3pez Hern\u00e1ndez; y Capital Cargo del Golfo, contratista del gobierno de Tabasco. En conjunto, estas firmas habr\u00edan transferido m\u00e1s de 50 millones de pesos entre 2023 y 2024, a\u00f1os en los que se le mencionaba como aspirante presidencial. Dichos recursos no fueron reflejados en sus declaraciones patrimoniales p\u00fablicas.<\/p>\n\n\n\n<p>En cuanto a 2023, L\u00f3pez afirm\u00f3 que tuvo ingresos por 22 millones 626 mil 398 pesos, sobre los cuales pag\u00f3 158 mil 900 pesos por concepto de ISR.<\/p>\n\n\n\n<p>Para 2024, asegur\u00f3 que sus ingresos por prestaci\u00f3n de servicios profesionales ascendieron a 24 millones 539 mil 998 pesos, por los que pag\u00f3 alrededor de 1 mill\u00f3n 377 mil pesos en impuestos.&nbsp;<\/p>\n","protected":false},"excerpt":{"rendered":"<p>El coordinador de Morena en el Senado de la Rep\u00fablica,&nbsp;Ad\u00e1n Augusto L\u00f3pez&nbsp; reconoci\u00f3 que mantiene comunicaci\u00f3n con el ex presidente Andr\u00e9s Manuel L\u00f3pez Obrador, y acus\u00f3 que la&nbsp;informaci\u00f3n fiscal&nbsp;presentada en televisi\u00f3n&nbsp;fue modificada con la intenci\u00f3n de perjudicarlo, ya que la portada presenta cambios en los ingresos. Desminti\u00f3 que se hubiera reunido con el expresidente&nbsp;Andr\u00e9s Manuel [&hellip;]<\/p>\n","protected":false},"author":1,"featured_media":140032,"comment_status":"open","ping_status":"open","sticky":false,"template":"","format":"standard","meta":{"footnotes":""},"categories":[2,5],"tags":[],"_links":{"self":[{"href":"https:\/\/diariodigitalmx.com\/index.php\/wp-json\/wp\/v2\/posts\/140027"}],"collection":[{"href":"https:\/\/diariodigitalmx.com\/index.php\/wp-json\/wp\/v2\/posts"}],"about":[{"href":"https:\/\/diariodigitalmx.com\/index.php\/wp-json\/wp\/v2\/types\/post"}],"author":[{"embeddable":true,"href":"https:\/\/diariodigitalmx.com\/index.php\/wp-json\/wp\/v2\/users\/1"}],"replies":[{"embeddable":true,"href":"https:\/\/diariodigitalmx.com\/index.php\/wp-json\/wp\/v2\/comments?post=140027"}],"version-history":[{"count":1,"href":"https:\/\/diariodigitalmx.com\/index.php\/wp-json\/wp\/v2\/posts\/140027\/revisions"}],"predecessor-version":[{"id":140028,"href":"https:\/\/diariodigitalmx.com\/index.php\/wp-json\/wp\/v2\/posts\/140027\/revisions\/140028"}],"wp:featuredmedia":[{"embeddable":true,"href":"https:\/\/diariodigitalmx.com\/index.php\/wp-json\/wp\/v2\/media\/140032"}],"wp:attachment":[{"href":"https:\/\/diariodigitalmx.com\/index.php\/wp-json\/wp\/v2\/media?parent=140027"}],"wp:term":[{"taxonomy":"category","embeddable":true,"href":"https:\/\/diariodigitalmx.com\/index.php\/wp-json\/wp\/v2\/categories?post=140027"},{"taxonomy":"post_tag","embeddable":true,"href":"https:\/\/diariodigitalmx.com\/index.php\/wp-json\/wp\/v2\/tags?post=140027"}],"curies":[{"name":"wp","href":"https:\/\/api.w.org\/{rel}","templated":true}]}}