{"id":140033,"date":"2025-09-30T18:28:51","date_gmt":"2025-10-01T00:28:51","guid":{"rendered":"https:\/\/diariodigitalmx.com\/?p=140033"},"modified":"2025-09-30T18:43:33","modified_gmt":"2025-10-01T00:43:33","slug":"reciben-policias-de-proxpol-escobedo-medalla-fray-servando-teresa-de-mier","status":"publish","type":"post","link":"https:\/\/diariodigitalmx.com\/index.php\/2025\/09\/30\/reciben-policias-de-proxpol-escobedo-medalla-fray-servando-teresa-de-mier\/","title":{"rendered":"Reciben polic\u00edas de Proxpol Escobedo &#8220;Medalla Fray Servando Teresa de Mier&#8221;"},"content":{"rendered":"\n<figure class=\"wp-block-image size-large\"><img loading=\"lazy\" decoding=\"async\" width=\"1024\" height=\"681\" src=\"https:\/\/diariodigitalmx.com\/wp-content\/uploads\/2025\/09\/photo_5107512277786626920_y-1024x681.jpg\" alt=\"\" class=\"wp-image-140035\" srcset=\"https:\/\/diariodigitalmx.com\/wp-content\/uploads\/2025\/09\/photo_5107512277786626920_y-1024x681.jpg 1024w, https:\/\/diariodigitalmx.com\/wp-content\/uploads\/2025\/09\/photo_5107512277786626920_y-300x199.jpg 300w, https:\/\/diariodigitalmx.com\/wp-content\/uploads\/2025\/09\/photo_5107512277786626920_y-768x511.jpg 768w, https:\/\/diariodigitalmx.com\/wp-content\/uploads\/2025\/09\/photo_5107512277786626920_y.jpg 1280w\" sizes=\"(max-width: 1024px) 100vw, 1024px\" \/><\/figure>\n\n\n\n<p>Por su destacada labor en favor de la ciudadan\u00eda, tres polic\u00edas de Proxpol Escobedo recibieron la Medalla Fray Servando Teresa de Mier que es otorgada por el H. Congreso del Estado.<\/p>\n\n\n\n<p>Los uniformados galardonados son Evelin Yamileth Mata Moreno, \u00c1ngel Omar Pecina Ramos en tanto que Marco Antonio Zavala Sol\u00eds, secretario de Seguridad Ciudan\u00eda recogi\u00f3 la distinci\u00f3n de Deyra Guadalupe Figueroa Flores, quien tiene una incapacidad por cuestiones propias del trabajo.<\/p>\n\n\n\n<p>Andr\u00e9s Mijes, Alcalde de Escobedo acudi\u00f3 como testigo de honor de la entrega de la presea a sus elementos e indic\u00f3 que la distinci\u00f3n es el resultado del esfuerzo y capacitaci\u00f3n de los uniformados municipales.<\/p>\n\n\n\n<figure class=\"wp-block-image size-large\"><img loading=\"lazy\" decoding=\"async\" width=\"1024\" height=\"681\" src=\"https:\/\/diariodigitalmx.com\/wp-content\/uploads\/2025\/09\/photo_5107512277786626935_y-1024x681.jpg\" alt=\"\" class=\"wp-image-140037\" srcset=\"https:\/\/diariodigitalmx.com\/wp-content\/uploads\/2025\/09\/photo_5107512277786626935_y-1024x681.jpg 1024w, https:\/\/diariodigitalmx.com\/wp-content\/uploads\/2025\/09\/photo_5107512277786626935_y-300x199.jpg 300w, https:\/\/diariodigitalmx.com\/wp-content\/uploads\/2025\/09\/photo_5107512277786626935_y-768x511.jpg 768w, https:\/\/diariodigitalmx.com\/wp-content\/uploads\/2025\/09\/photo_5107512277786626935_y.jpg 1280w\" sizes=\"(max-width: 1024px) 100vw, 1024px\" \/><\/figure>\n\n\n\n<p>\u201cEstas medallas es un m\u00e9rito de los polic\u00edas que actuaron en cumplimiento de su deber, que est\u00e1n capacitados, certificados internacionalmente, muy orgulloso de la actuaci\u00f3n de mis polic\u00edas, para eso trabajamos y para eso invertimos en seguridad\u201d, destac\u00f3 Mijes Llovera.<\/p>\n\n\n\n<p>La entrega de la presea fue realizada en el pleno del Congreso del Estado durante el espacio solemne de la Sesi\u00f3n del d\u00eda martes.<\/p>\n\n\n\n<p>Fue dentro de la categor\u00eda Social, Cultural y Educativa que se opt\u00f3 por premiar a los tres uniformados en base a un an\u00e1lisis realizado de propuestas que recibieron integrantes de dicha Comisi\u00f3n.<\/p>\n\n\n\n<p>La polic\u00eda Evelin Yamileth Mata Moreno, atendi\u00f3 a una mujer en labores de parto salvando con su oportuna acci\u00f3n la vida del ama de casa y su beb\u00e9.<\/p>\n\n\n\n<p>En tanto que Angel Omar Pecina Ramos y Deyra Guadalupe Figueroa Flores rescataron a una mujer de las llamas cuando la empleada se qued\u00f3 atrapada dentro de una tienda conveniencia.<\/p>\n\n\n\n<figure class=\"wp-block-image size-large\"><img loading=\"lazy\" decoding=\"async\" width=\"1024\" height=\"681\" src=\"https:\/\/diariodigitalmx.com\/wp-content\/uploads\/2025\/09\/photo_5107512277786626929_y-1-1024x681.jpg\" alt=\"\" class=\"wp-image-140040\" srcset=\"https:\/\/diariodigitalmx.com\/wp-content\/uploads\/2025\/09\/photo_5107512277786626929_y-1-1024x681.jpg 1024w, https:\/\/diariodigitalmx.com\/wp-content\/uploads\/2025\/09\/photo_5107512277786626929_y-1-300x199.jpg 300w, https:\/\/diariodigitalmx.com\/wp-content\/uploads\/2025\/09\/photo_5107512277786626929_y-1-768x511.jpg 768w, https:\/\/diariodigitalmx.com\/wp-content\/uploads\/2025\/09\/photo_5107512277786626929_y-1.jpg 1280w\" sizes=\"(max-width: 1024px) 100vw, 1024px\" \/><\/figure>\n\n\n\n<p>La Medalla instituida por el Congreso del Estado es un reconocimiento a la excelencia, dedicaci\u00f3n y compromiso social de ciudadanos que con esfuerzo y trabajo constante han contribuido al desarrollo de la comunidad.<\/p>\n\n\n\n<p>Simboliza valores de integridad, servicio y responsabilidad social que Fray Servando Teresa de Mier represent\u00f3 y el Congreso del Estado la entrega a quienes por su labor se han destacado en los \u00e1mbitos social, cultural y educativo dejando con sus acciones un legado en el Estado.<\/p>\n\n\n\n<p>Otros de los premiados fueron Mar\u00eda de Los \u00c1ngeles Garc\u00eda, Eduardo Gerardo P\u00e9rez Tijerina, Minerva Evodia Mart\u00ednez Garza y Eduardo D\u00edaz Mu\u00f1oz G\u00f3mez.<\/p>\n","protected":false},"excerpt":{"rendered":"<p>Por su destacada labor en favor de la ciudadan\u00eda, tres polic\u00edas de Proxpol Escobedo recibieron la Medalla Fray Servando Teresa de Mier que es otorgada por el H. Congreso del Estado. Los uniformados galardonados son Evelin Yamileth Mata Moreno, \u00c1ngel Omar Pecina Ramos en tanto que Marco Antonio Zavala Sol\u00eds, secretario de Seguridad Ciudan\u00eda recogi\u00f3 [&hellip;]<\/p>\n","protected":false},"author":1,"featured_media":140042,"comment_status":"open","ping_status":"open","sticky":false,"template":"","format":"standard","meta":{"footnotes":""},"categories":[6],"tags":[],"_links":{"self":[{"href":"https:\/\/diariodigitalmx.com\/index.php\/wp-json\/wp\/v2\/posts\/140033"}],"collection":[{"href":"https:\/\/diariodigitalmx.com\/index.php\/wp-json\/wp\/v2\/posts"}],"about":[{"href":"https:\/\/diariodigitalmx.com\/index.php\/wp-json\/wp\/v2\/types\/post"}],"author":[{"embeddable":true,"href":"https:\/\/diariodigitalmx.com\/index.php\/wp-json\/wp\/v2\/users\/1"}],"replies":[{"embeddable":true,"href":"https:\/\/diariodigitalmx.com\/index.php\/wp-json\/wp\/v2\/comments?post=140033"}],"version-history":[{"count":2,"href":"https:\/\/diariodigitalmx.com\/index.php\/wp-json\/wp\/v2\/posts\/140033\/revisions"}],"predecessor-version":[{"id":140041,"href":"https:\/\/diariodigitalmx.com\/index.php\/wp-json\/wp\/v2\/posts\/140033\/revisions\/140041"}],"wp:featuredmedia":[{"embeddable":true,"href":"https:\/\/diariodigitalmx.com\/index.php\/wp-json\/wp\/v2\/media\/140042"}],"wp:attachment":[{"href":"https:\/\/diariodigitalmx.com\/index.php\/wp-json\/wp\/v2\/media?parent=140033"}],"wp:term":[{"taxonomy":"category","embeddable":true,"href":"https:\/\/diariodigitalmx.com\/index.php\/wp-json\/wp\/v2\/categories?post=140033"},{"taxonomy":"post_tag","embeddable":true,"href":"https:\/\/diariodigitalmx.com\/index.php\/wp-json\/wp\/v2\/tags?post=140033"}],"curies":[{"name":"wp","href":"https:\/\/api.w.org\/{rel}","templated":true}]}}