{"id":140118,"date":"2025-10-02T05:13:48","date_gmt":"2025-10-02T11:13:48","guid":{"rendered":"https:\/\/diariodigitalmx.com\/?p=140118"},"modified":"2025-10-02T05:31:00","modified_gmt":"2025-10-02T11:31:00","slug":"donde-estan-merino-y-lastra","status":"publish","type":"post","link":"https:\/\/diariodigitalmx.com\/index.php\/2025\/10\/02\/donde-estan-merino-y-lastra\/","title":{"rendered":"D\u00f3nde est\u00e1n Merino y Lastra"},"content":{"rendered":"\n<p>De frente y de perfil<\/p>\n\n\n\n<p>Ram\u00f3n Zurita Sahag\u00fan<\/p>\n\n\n\n<p>El tema sobre la nada eventual relaci\u00f3n de Ad\u00e1n Augusto L\u00f3pez con Hern\u00e1n Berm\u00fadez Requena no cierra su ciclo y a\u00fan tiene mucha tela que cortar.<\/p>\n\n\n\n<p>Todos los focos apuntan con luminosidad al actual senador y coordinador de la fracci\u00f3n de MORENA y revisan paso a paso cada uno de los comentarios vertidos por el tambi\u00e9n exgobernador de Tabasco.<\/p>\n\n\n\n<p>Entretenidos como estamos los medios de comunicaci\u00f3n con los desplantes del senador tabasque\u00f1o, se olvida revisar la relaci\u00f3n que tuvieron otros dos tabasque\u00f1os distinguidos, cercanos a Ad\u00e1n Augusto, pero tambi\u00e9n a Hern\u00e1n Berm\u00fadez Requena.<\/p>\n\n\n\n<p>Se trata del director de ASA, Carlos M. Merino, eterno suplente de L\u00f3pez Hern\u00e1ndez en su paso como diputado, senador y gobernador, adem\u00e1s del diputado federal, Jaime Lastra Bastar, los que no han sido cuestionados sobre su relaci\u00f3n con Berm\u00fadez Requena.<\/p>\n\n\n\n<p>Lastra Bastar va de la mano con Ad\u00e1n Augusto y Berm\u00fadez Requena, desde los lejanos tiempos del gobierno de Manuel Gurr\u00eda Ord\u00f3\u00f1ez, cuando formaron parte de su gabinete y se reunieron nuevamente en el gobierno de L\u00f3pez Hern\u00e1ndez.<\/p>\n\n\n\n<p>Y es que Ad\u00e1n en su prop\u00f3sito de salvar su pellejo, deja involucrado a su sucesor en el gobierno estatal. Dice el senador que durante su mandato no supo de ninguna involucraci\u00f3n de Berm\u00fadez con la delincuencia, dejando el \u201cpaquete\u201d a Merino quien lo sucedi\u00f3 como gobernador y mantuvo a Berm\u00fadez como secretario de Seguridad P\u00fablica por m\u00e1s de dos a\u00f1os m\u00e1s.<\/p>\n\n\n\n<p>Lastra por su parte era el de la relaci\u00f3n m\u00e1s cercana con Berm\u00fadez con el que colabor\u00f3 en tiempos a\u00f1ejos, le cedi\u00f3 la direcci\u00f3n de la polic\u00eda y era su superior jer\u00e1rquico como fiscal del estado.<\/p>\n\n\n\n<p>Mientras aquellos mantienen perfil bajo, Ad\u00e1n contin\u00faa enredado en una madeja con sus declaraciones contradictorias por motivos de dinero.<\/p>\n\n\n\n<p>El asegura que uno de sus ingresos permanente es la renta de sus oficinas, ya que por ley debi\u00f3 abstenerse de fungir como notario. Por otro lado, dice que sus altos ingresos se deben, en parte, a su funci\u00f3n como notario, al ser la suya la principal notar\u00eda del estado.<\/p>\n\n\n\n<p>Despu\u00e9s habla de su habilidad como ganadero y que la venta de reses aumenta de manera extraordinaria su capital econ\u00f3mico, con todo y que el negocio lo maneja a la lejan\u00eda.<\/p>\n\n\n\n<p>Los enredos de don Ad\u00e1n dan cuenta del porqu\u00e9 prefer\u00eda mantenerse alejado de la prensa, pues no es muy talentoso en la secuencia de preguntas y respuestas y ahora tiene el castigo divino de realizar frecuentes conferencias de prensa y buscar entrevistas con conductores que antes despreciaba.<\/p>\n\n\n\n<p>&nbsp; &nbsp; &nbsp; &nbsp; &nbsp; &nbsp; &nbsp; &nbsp; &nbsp; &nbsp; &nbsp; &nbsp; &nbsp; &nbsp; &nbsp; &nbsp; &nbsp; &nbsp; &nbsp; &nbsp; &nbsp; &nbsp; &nbsp; &nbsp; &nbsp; &nbsp; &nbsp; &nbsp; &nbsp; &nbsp; &nbsp; &nbsp; &nbsp; &nbsp; &nbsp; &nbsp; &nbsp; &nbsp; &nbsp; &nbsp;\u2026\u2026\u2026\u2026\u2026\u2026..<\/p>\n\n\n\n<p>Feliz de haber sembrado su mensaje en la mente de los senadores, la secretaria de Gobernaci\u00f3n, Rosa Icela Rodr\u00edguez, abandon\u00f3 la sede senatorial. No se permitir\u00e1 la impunidad, habr\u00e1 consecuencias, dijo la potosina, la que advirti\u00f3 que la administraci\u00f3n de Claudia Sheinbaum Pardo no se quedar\u00e1 con los brazos cruzados. El que entendi\u00f3 el mensaje sabe que no habr\u00e1 otra oportunidad de tentar a la suerte\u2026Listo el evento masivo del domingo cinco que mostrar\u00e1 la gran popularidad de la que goza la Presidenta de la Rep\u00fablica\u2026Desde ayer se inici\u00f3 el segundo a\u00f1o de gobierno del que pretende ser el segundo piso de la cuarta transformaci\u00f3n.<\/p>\n\n\n\n<p>Email:&nbsp;<a href=\"mailto:ramonzurita44@hotmail.com\" target=\"_blank\" rel=\"noreferrer noopener\">ramonzurita44@hotmail.com<\/a><\/p>\n\n\n\n<p>Email:&nbsp;<a href=\"mailto:ramonzurita44@gmail.com\" target=\"_blank\" rel=\"noreferrer noopener\">ramonzurita44@gmail.com<\/a><\/p>\n","protected":false},"excerpt":{"rendered":"<p>De frente y de perfil Ram\u00f3n Zurita Sahag\u00fan El tema sobre la nada eventual relaci\u00f3n de Ad\u00e1n Augusto L\u00f3pez con Hern\u00e1n Berm\u00fadez Requena no cierra su ciclo y a\u00fan tiene mucha tela que cortar. Todos los focos apuntan con luminosidad al actual senador y coordinador de la fracci\u00f3n de MORENA y revisan paso a paso [&hellip;]<\/p>\n","protected":false},"author":1,"featured_media":140125,"comment_status":"open","ping_status":"open","sticky":false,"template":"","format":"standard","meta":{"footnotes":""},"categories":[12],"tags":[],"_links":{"self":[{"href":"https:\/\/diariodigitalmx.com\/index.php\/wp-json\/wp\/v2\/posts\/140118"}],"collection":[{"href":"https:\/\/diariodigitalmx.com\/index.php\/wp-json\/wp\/v2\/posts"}],"about":[{"href":"https:\/\/diariodigitalmx.com\/index.php\/wp-json\/wp\/v2\/types\/post"}],"author":[{"embeddable":true,"href":"https:\/\/diariodigitalmx.com\/index.php\/wp-json\/wp\/v2\/users\/1"}],"replies":[{"embeddable":true,"href":"https:\/\/diariodigitalmx.com\/index.php\/wp-json\/wp\/v2\/comments?post=140118"}],"version-history":[{"count":1,"href":"https:\/\/diariodigitalmx.com\/index.php\/wp-json\/wp\/v2\/posts\/140118\/revisions"}],"predecessor-version":[{"id":140119,"href":"https:\/\/diariodigitalmx.com\/index.php\/wp-json\/wp\/v2\/posts\/140118\/revisions\/140119"}],"wp:featuredmedia":[{"embeddable":true,"href":"https:\/\/diariodigitalmx.com\/index.php\/wp-json\/wp\/v2\/media\/140125"}],"wp:attachment":[{"href":"https:\/\/diariodigitalmx.com\/index.php\/wp-json\/wp\/v2\/media?parent=140118"}],"wp:term":[{"taxonomy":"category","embeddable":true,"href":"https:\/\/diariodigitalmx.com\/index.php\/wp-json\/wp\/v2\/categories?post=140118"},{"taxonomy":"post_tag","embeddable":true,"href":"https:\/\/diariodigitalmx.com\/index.php\/wp-json\/wp\/v2\/tags?post=140118"}],"curies":[{"name":"wp","href":"https:\/\/api.w.org\/{rel}","templated":true}]}}