{"id":140133,"date":"2025-10-02T20:11:11","date_gmt":"2025-10-03T02:11:11","guid":{"rendered":"https:\/\/diariodigitalmx.com\/?p=140133"},"modified":"2025-10-02T20:21:06","modified_gmt":"2025-10-03T02:21:06","slug":"promociona-felix-arratia-logros-como-alcalde-de-juarez-en-el-municipio-de-monterrey","status":"publish","type":"post","link":"https:\/\/diariodigitalmx.com\/index.php\/2025\/10\/02\/promociona-felix-arratia-logros-como-alcalde-de-juarez-en-el-municipio-de-monterrey\/","title":{"rendered":"Promociona F\u00e9lix Arratia logros como alcalde de Ju\u00e1rez\u2026 en el municipio de Monterrey"},"content":{"rendered":"\n<p>Mario Alberto Palacios&nbsp;<\/p>\n\n\n\n<p>En lo que es un evidente acto anticipado de campa\u00f1a electoral, el emecista F\u00e9lix Arratia&nbsp; implant\u00f3 un operativo de promoci\u00f3n de sus logros como alcalde de Ju\u00e1rez, pero en el centro de la ciudad de Monterrey.<\/p>\n\n\n\n<p>Grupos de mujeres y j\u00f3venes recorrieron la tarde de este jueves diversas calles y avenidas regias de alto flujo peatonal para entregar folletos en los que se incluye parte del informe del mun\u00edcipe juarense.<\/p>\n\n\n\n<p>Las brigadas que repartieron el volante fueron apreciadas en el pasaje comercial de la calle Morelos y la avenida Benito Ju\u00e1rez, acost\u00e1ndose en lugares de alta concurrencia como Interplaza, Plaza de la Tecnolog\u00eda o Plaza Mexico.<\/p>\n\n\n\n<figure class=\"wp-block-image size-large\"><img loading=\"lazy\" decoding=\"async\" width=\"1024\" height=\"472\" src=\"https:\/\/diariodigitalmx.com\/wp-content\/uploads\/2025\/10\/IMG-20251002-WA0134-1024x472.jpg\" alt=\"\" class=\"wp-image-140143\" srcset=\"https:\/\/diariodigitalmx.com\/wp-content\/uploads\/2025\/10\/IMG-20251002-WA0134-1024x472.jpg 1024w, https:\/\/diariodigitalmx.com\/wp-content\/uploads\/2025\/10\/IMG-20251002-WA0134-300x138.jpg 300w, https:\/\/diariodigitalmx.com\/wp-content\/uploads\/2025\/10\/IMG-20251002-WA0134-768x354.jpg 768w, https:\/\/diariodigitalmx.com\/wp-content\/uploads\/2025\/10\/IMG-20251002-WA0134-1536x708.jpg 1536w, https:\/\/diariodigitalmx.com\/wp-content\/uploads\/2025\/10\/IMG-20251002-WA0134.jpg 1600w\" sizes=\"(max-width: 1024px) 100vw, 1024px\" \/><\/figure>\n\n\n\n<p>Aunque visiblemente no portaban alg\u00fan gafete o logo de alguna empresa, al ser cuestionadas varias mujeres que repart\u00edan el panfleto, coincidieron en se\u00f1alar que fueron invitadas por personal del municipio de Ju\u00e1rez para hacer la distribuci\u00f3n.<\/p>\n\n\n\n<p>Incluso varias de ellas ingresaron a los andenes de la l\u00ednea 1 del Metro en el cruce de Ju\u00e1rez y Padre Mier para hacer el reparto de mano en mano del impreso.<\/p>\n\n\n\n<figure class=\"wp-block-image size-large\"><img loading=\"lazy\" decoding=\"async\" width=\"1024\" height=\"472\" src=\"https:\/\/diariodigitalmx.com\/wp-content\/uploads\/2025\/10\/IMG-20251002-WA0133-1024x472.jpg\" alt=\"\" class=\"wp-image-140145\" srcset=\"https:\/\/diariodigitalmx.com\/wp-content\/uploads\/2025\/10\/IMG-20251002-WA0133-1024x472.jpg 1024w, https:\/\/diariodigitalmx.com\/wp-content\/uploads\/2025\/10\/IMG-20251002-WA0133-300x138.jpg 300w, https:\/\/diariodigitalmx.com\/wp-content\/uploads\/2025\/10\/IMG-20251002-WA0133-768x354.jpg 768w, https:\/\/diariodigitalmx.com\/wp-content\/uploads\/2025\/10\/IMG-20251002-WA0133-1536x708.jpg 1536w, https:\/\/diariodigitalmx.com\/wp-content\/uploads\/2025\/10\/IMG-20251002-WA0133.jpg 1600w\" sizes=\"(max-width: 1024px) 100vw, 1024px\" \/><\/figure>\n\n\n\n<figure class=\"wp-block-gallery has-nested-images columns-default is-cropped wp-block-gallery-1 is-layout-flex wp-block-gallery-is-layout-flex\"><\/figure>\n\n\n\n<p>El peri\u00f3dico de ocho p\u00e1ginas con la fotograf\u00eda de Arratia en la portada y en la Contraportada en color naranja la referencia al primer informe 2224-2025 del Ayuntamiento de Ju\u00e1rez incluye decenas de fotograf\u00edas y gr\u00e1ficos a color en referencia de obras p\u00fablicas y programas sociales.<\/p>\n\n\n\n<p>De acuerdo a lineamientos de la leyes federales y estatal en materia electoral, la distribuci\u00f3n en impresos como peri\u00f3dicos y folletos de las actividades de las autoridades estatales y municipales se deben de limitar al \u00e1rea geogr\u00e1fica donde fueron electas salvo en lo referente a temas vinculados a campa\u00f1as de turismo o salud.<\/p>\n","protected":false},"excerpt":{"rendered":"<p>Mario Alberto Palacios&nbsp; En lo que es un evidente acto anticipado de campa\u00f1a electoral, el emecista F\u00e9lix Arratia&nbsp; implant\u00f3 un operativo de promoci\u00f3n de sus logros como alcalde de Ju\u00e1rez, pero en el centro de la ciudad de Monterrey. Grupos de mujeres y j\u00f3venes recorrieron la tarde de este jueves diversas calles y avenidas regias [&hellip;]<\/p>\n","protected":false},"author":1,"featured_media":140141,"comment_status":"open","ping_status":"open","sticky":false,"template":"","format":"standard","meta":{"footnotes":""},"categories":[6,5],"tags":[],"_links":{"self":[{"href":"https:\/\/diariodigitalmx.com\/index.php\/wp-json\/wp\/v2\/posts\/140133"}],"collection":[{"href":"https:\/\/diariodigitalmx.com\/index.php\/wp-json\/wp\/v2\/posts"}],"about":[{"href":"https:\/\/diariodigitalmx.com\/index.php\/wp-json\/wp\/v2\/types\/post"}],"author":[{"embeddable":true,"href":"https:\/\/diariodigitalmx.com\/index.php\/wp-json\/wp\/v2\/users\/1"}],"replies":[{"embeddable":true,"href":"https:\/\/diariodigitalmx.com\/index.php\/wp-json\/wp\/v2\/comments?post=140133"}],"version-history":[{"count":3,"href":"https:\/\/diariodigitalmx.com\/index.php\/wp-json\/wp\/v2\/posts\/140133\/revisions"}],"predecessor-version":[{"id":140146,"href":"https:\/\/diariodigitalmx.com\/index.php\/wp-json\/wp\/v2\/posts\/140133\/revisions\/140146"}],"wp:featuredmedia":[{"embeddable":true,"href":"https:\/\/diariodigitalmx.com\/index.php\/wp-json\/wp\/v2\/media\/140141"}],"wp:attachment":[{"href":"https:\/\/diariodigitalmx.com\/index.php\/wp-json\/wp\/v2\/media?parent=140133"}],"wp:term":[{"taxonomy":"category","embeddable":true,"href":"https:\/\/diariodigitalmx.com\/index.php\/wp-json\/wp\/v2\/categories?post=140133"},{"taxonomy":"post_tag","embeddable":true,"href":"https:\/\/diariodigitalmx.com\/index.php\/wp-json\/wp\/v2\/tags?post=140133"}],"curies":[{"name":"wp","href":"https:\/\/api.w.org\/{rel}","templated":true}]}}