{"id":140336,"date":"2025-10-07T08:10:43","date_gmt":"2025-10-07T14:10:43","guid":{"rendered":"https:\/\/diariodigitalmx.com\/?p=140336"},"modified":"2025-10-07T08:12:28","modified_gmt":"2025-10-07T14:12:28","slug":"la-pastora-como-cortina-de-humo","status":"publish","type":"post","link":"https:\/\/diariodigitalmx.com\/index.php\/2025\/10\/07\/la-pastora-como-cortina-de-humo\/","title":{"rendered":"La Pastora como cortina de humo"},"content":{"rendered":"\n<p>Ra\u00fal Guajardo Cant\u00fa&nbsp;<\/p>\n\n\n\n<p>Por si usted no lo ha notado, desde que se clausur\u00f3 el zool\u00f3gico La Pastora ya nadie habla del trasvase de agua de la presa El Cuchillo hacia Estados Unidos que se realizar\u00e1&nbsp; con la finalidad de pagar la deuda que nuestro pa\u00eds tiene con el vecino del norte por los tratados h\u00eddricos. En este caso se est\u00e1 privilegiando el pago de esa deuda a las necesidades de consumo humano de los nuevoleoneses y, desde nuestra perspectiva,&nbsp; se est\u00e1 utilizado el caso de la osa Mina como distractor, caso que por cierto tambi\u00e9n pasa a segundo t\u00e9rmino ante el cierre del zool\u00f3gico.<\/p>\n\n\n\n<p>Hay quienes, en aras de sus intereses pol\u00edticos, aseguran que la clausura de La Pastora es una especie de \u201ccoscorr\u00f3n\u201d que le est\u00e1 dando el gobierno federal a Samuel Garc\u00eda debido a su \u201cdefensa\u201d del agua de El Cuchillo, pero seguramente cabe una explicaci\u00f3n alterna que es la que queremos aqu\u00ed comentar.<\/p>\n\n\n\n<p>Seg\u00fan todo apunta, Samuel sab\u00eda del trasvase, y estaba de acuerdo con \u00e9l, desde inicios de a\u00f1o en que se lo habr\u00eda planteado la presidenta Sheinbaum, tal y como el propio gobierno federal se encarg\u00f3 de dar a conocer cuando se dio la noticia del citado trasvase, sin embargo, seguramente de forma acordada con la presidenta, el gobernador sali\u00f3 a rasgarse las vestiduras para quedar menos mal con sus gobernados.<\/p>\n\n\n\n<p>A esa supuesta indisciplina el gobierno federal habr\u00eda respondido con el cierre fulminante de La Pastora, como una forma de apoyar a Samuel y que la gente, que siempre compra ese tipo de historias porque recurren al sentimentalismo, dejara de hablar de lo importante: la p\u00e9rdida de agua que tendremos en el estado debido a los compromisos internacionales del pa\u00eds, de paso, el gober queda un poco menos mal porque sali\u00f3 en defensa de sus gobernados y todos contentos.<\/p>\n\n\n\n<p>Recordemos que, como dec\u00eda Carlos Monsiv\u00e1is, \u201cen M\u00e9xico lo \u00fanico verdadero es la lucha libre\u201d. As\u00ed es que tomemos con pinzas esas versiones de que Samuel Garc\u00eda se enfrent\u00f3 al gobierno federal, a la presidenta Sheinbaum con la finalidad de defender los derechos de los nuevoleoneses.<\/p>\n\n\n\n<p>La realidad es que, con todo y lo verde que est\u00e1, el gobernador, no se atrever\u00eda a entrar en su tumba pol\u00edtica enfrentando el poder actual de la presidenta Sheinbaum que ya ha mostrado que no le temblar\u00eda la mano para revivir alguno o varios de los expedientes que se dice existen en contra de Samuel desde el sexenio pasado, as\u00ed que por favor, no compre esas versiones que tienen la finalidad de hacer que este parezca un h\u00e9roe pero la realidad corre en otro sentido.<\/p>\n\n\n\n<p>Entendemos que, dada la postura de Trump, la presidenta Sheinbaum no tiene mucho margen de maniobra porque el no pagar esa deuda de agua se puede traducir en aranceles o, peor a\u00fan, en un quiebre en la revisi\u00f3n del T-MEC, lo que se convertir\u00eda en una tragedia econ\u00f3mica para el pa\u00eds.<\/p>\n\n\n\n<p>Pero de ah\u00ed a darle un valor a una acci\u00f3n que no lo tiene, hay un gran trecho que, cada qui\u00e9n aprovecha para promover a su gallo<\/p>\n","protected":false},"excerpt":{"rendered":"<p>Ra\u00fal Guajardo Cant\u00fa&nbsp; Por si usted no lo ha notado, desde que se clausur\u00f3 el zool\u00f3gico La Pastora ya nadie habla del trasvase de agua de la presa El Cuchillo hacia Estados Unidos que se realizar\u00e1&nbsp; con la finalidad de pagar la deuda que nuestro pa\u00eds tiene con el vecino del norte por los tratados [&hellip;]<\/p>\n","protected":false},"author":1,"featured_media":139787,"comment_status":"open","ping_status":"open","sticky":false,"template":"","format":"standard","meta":{"footnotes":""},"categories":[12],"tags":[],"_links":{"self":[{"href":"https:\/\/diariodigitalmx.com\/index.php\/wp-json\/wp\/v2\/posts\/140336"}],"collection":[{"href":"https:\/\/diariodigitalmx.com\/index.php\/wp-json\/wp\/v2\/posts"}],"about":[{"href":"https:\/\/diariodigitalmx.com\/index.php\/wp-json\/wp\/v2\/types\/post"}],"author":[{"embeddable":true,"href":"https:\/\/diariodigitalmx.com\/index.php\/wp-json\/wp\/v2\/users\/1"}],"replies":[{"embeddable":true,"href":"https:\/\/diariodigitalmx.com\/index.php\/wp-json\/wp\/v2\/comments?post=140336"}],"version-history":[{"count":1,"href":"https:\/\/diariodigitalmx.com\/index.php\/wp-json\/wp\/v2\/posts\/140336\/revisions"}],"predecessor-version":[{"id":140337,"href":"https:\/\/diariodigitalmx.com\/index.php\/wp-json\/wp\/v2\/posts\/140336\/revisions\/140337"}],"wp:featuredmedia":[{"embeddable":true,"href":"https:\/\/diariodigitalmx.com\/index.php\/wp-json\/wp\/v2\/media\/139787"}],"wp:attachment":[{"href":"https:\/\/diariodigitalmx.com\/index.php\/wp-json\/wp\/v2\/media?parent=140336"}],"wp:term":[{"taxonomy":"category","embeddable":true,"href":"https:\/\/diariodigitalmx.com\/index.php\/wp-json\/wp\/v2\/categories?post=140336"},{"taxonomy":"post_tag","embeddable":true,"href":"https:\/\/diariodigitalmx.com\/index.php\/wp-json\/wp\/v2\/tags?post=140336"}],"curies":[{"name":"wp","href":"https:\/\/api.w.org\/{rel}","templated":true}]}}