{"id":140358,"date":"2025-10-07T22:39:39","date_gmt":"2025-10-08T04:39:39","guid":{"rendered":"https:\/\/diariodigitalmx.com\/?p=140358"},"modified":"2025-10-07T22:41:47","modified_gmt":"2025-10-08T04:41:47","slug":"propone-tomas-montoya-permisos-laborales-para-que-padres-acudan-a-actividades-escolares","status":"publish","type":"post","link":"https:\/\/diariodigitalmx.com\/index.php\/2025\/10\/07\/propone-tomas-montoya-permisos-laborales-para-que-padres-acudan-a-actividades-escolares\/","title":{"rendered":"Propone Tom\u00e1s Montoya, permisos laborales  para que padres acudan a actividades escolares"},"content":{"rendered":"\n<p>El diputado local de Morena, Tom\u00e1s Montoya, present\u00f3 una iniciativa de reforma a la Ley Federal del Trabajo para que las personas trabajadoras \u2014madres, padres o tutores\u2014 cuenten con hasta tres permisos anuales con goce de sueldo para acudir a juntas y actividades escolares de sus hijas e hijos menores de edad.<br>Tom\u00e1s Montoya se\u00f1al\u00f3 que el tiempo se considerar\u00eda efectivamente trabajado y bastar\u00eda la convocatoria o constancia del plantel.<br>El legislador local subray\u00f3 que la medida impactar\u00e1 positivamente en la comunicaci\u00f3n hogar-escuela, la permanencia escolar y la productividad en centros de trabajo al reducir tensiones entre empleo y cuidado.<br>\u201cConciliar trabajo y familia no debe ser un privilegio, sino un derecho. La participaci\u00f3n de madres y padres en la escuela mejora el desempe\u00f1o y la seguridad de ni\u00f1as y ni\u00f1os. Con esta reforma, M\u00e9xico avanza hacia un modelo laboral m\u00e1s humano y corresponsable\u201d, se\u00f1al\u00f3.<br>La propuesta se alinea con est\u00e1ndares internacionales: la Convenci\u00f3n sobre los Derechos del Ni\u00f1o (art. 18) reconoce la corresponsabilidad parental y el inter\u00e9s superior de la ni\u00f1ez; la OIT \u2014mediante la Recomendaci\u00f3n 165\u2014 insta a compatibilizar empleo y cuidados con medidas como permisos y arreglos flexibles.<br>En el derecho comparado, Espa\u00f1a, contempla permisos retribuidos por v\u00eda de convenios colectivos; Canad\u00e1 reconoce personal leave por razones familiares, utilizable para asuntos escolares; y en el Reino Unido existe time off for dependants para atender incidencias escolares y otras emergencias de<br>dependientes.<br>\u201cEs una reforma sencilla de implementar para las empresas y de alto rendimiento social para las familias\u201d, a\u00f1adi\u00f3.<br>El Grupo Legislativo de Morena en el Congreso de Nuevo Le\u00f3n hizo un llamado a todas las fuerzas pol\u00edticas a respaldar la iniciativa para poner a M\u00e9xico a la vanguardia regional en corresponsabilidad parental y derechos de la ni\u00f1ez.<\/p>\n","protected":false},"excerpt":{"rendered":"<p>El diputado local de Morena, Tom\u00e1s Montoya, present\u00f3 una iniciativa de reforma a la Ley Federal del Trabajo para que las personas trabajadoras \u2014madres, padres o tutores\u2014 cuenten con hasta tres permisos anuales con goce de sueldo para acudir a juntas y actividades escolares de sus hijas e hijos menores de edad.Tom\u00e1s Montoya se\u00f1al\u00f3 que [&hellip;]<\/p>\n","protected":false},"author":1,"featured_media":140360,"comment_status":"open","ping_status":"open","sticky":false,"template":"","format":"standard","meta":{"footnotes":""},"categories":[6],"tags":[],"_links":{"self":[{"href":"https:\/\/diariodigitalmx.com\/index.php\/wp-json\/wp\/v2\/posts\/140358"}],"collection":[{"href":"https:\/\/diariodigitalmx.com\/index.php\/wp-json\/wp\/v2\/posts"}],"about":[{"href":"https:\/\/diariodigitalmx.com\/index.php\/wp-json\/wp\/v2\/types\/post"}],"author":[{"embeddable":true,"href":"https:\/\/diariodigitalmx.com\/index.php\/wp-json\/wp\/v2\/users\/1"}],"replies":[{"embeddable":true,"href":"https:\/\/diariodigitalmx.com\/index.php\/wp-json\/wp\/v2\/comments?post=140358"}],"version-history":[{"count":1,"href":"https:\/\/diariodigitalmx.com\/index.php\/wp-json\/wp\/v2\/posts\/140358\/revisions"}],"predecessor-version":[{"id":140359,"href":"https:\/\/diariodigitalmx.com\/index.php\/wp-json\/wp\/v2\/posts\/140358\/revisions\/140359"}],"wp:featuredmedia":[{"embeddable":true,"href":"https:\/\/diariodigitalmx.com\/index.php\/wp-json\/wp\/v2\/media\/140360"}],"wp:attachment":[{"href":"https:\/\/diariodigitalmx.com\/index.php\/wp-json\/wp\/v2\/media?parent=140358"}],"wp:term":[{"taxonomy":"category","embeddable":true,"href":"https:\/\/diariodigitalmx.com\/index.php\/wp-json\/wp\/v2\/categories?post=140358"},{"taxonomy":"post_tag","embeddable":true,"href":"https:\/\/diariodigitalmx.com\/index.php\/wp-json\/wp\/v2\/tags?post=140358"}],"curies":[{"name":"wp","href":"https:\/\/api.w.org\/{rel}","templated":true}]}}