{"id":140370,"date":"2025-10-07T23:08:18","date_gmt":"2025-10-08T05:08:18","guid":{"rendered":"https:\/\/diariodigitalmx.com\/?p=140370"},"modified":"2025-10-07T23:12:49","modified_gmt":"2025-10-08T05:12:49","slug":"asem-celebra-diez-anos-de-impulsar-el-emprendimiento-en-mexico-y-anuncia-cambio-de-presidencia","status":"publish","type":"post","link":"https:\/\/diariodigitalmx.com\/index.php\/2025\/10\/07\/asem-celebra-diez-anos-de-impulsar-el-emprendimiento-en-mexico-y-anuncia-cambio-de-presidencia\/","title":{"rendered":"ASEM celebra diez a\u00f1os de impulsar el emprendimiento en M\u00e9xico y anuncia cambio de presidencia"},"content":{"rendered":"\n<p>Emprender exige mucho m\u00e1s que una buena idea de negocio. Consciente de ello, la Asociaci\u00f3n de Emprendedores de M\u00e9xico (ASEM) ha dedicado una d\u00e9cada a abrir camino para fundadores de micro, peque\u00f1as, medianas y grandes empresas, a trav\u00e9s de programas de formaci\u00f3n, asesor\u00edas, generaci\u00f3n de redes de negocios y acceso a beneficios comerciales.<\/p>\n\n\n\n<p>La asociaci\u00f3n tambi\u00e9n participa en el desarrollo de investigaci\u00f3n especializada en emprendimiento y gesti\u00f3n empresarial; as\u00ed como en el impulso de pol\u00edticas p\u00fablicas que fortalezcan el entorno para la creaci\u00f3n y el crecimiento de empresas.<\/p>\n\n\n\n<figure class=\"wp-block-image size-large\"><img loading=\"lazy\" decoding=\"async\" width=\"1024\" height=\"684\" src=\"https:\/\/diariodigitalmx.com\/wp-content\/uploads\/2025\/10\/Cumbre1-1024x684.jpg\" alt=\"\" class=\"wp-image-140373\" srcset=\"https:\/\/diariodigitalmx.com\/wp-content\/uploads\/2025\/10\/Cumbre1-1024x684.jpg 1024w, https:\/\/diariodigitalmx.com\/wp-content\/uploads\/2025\/10\/Cumbre1-300x200.jpg 300w, https:\/\/diariodigitalmx.com\/wp-content\/uploads\/2025\/10\/Cumbre1-768x513.jpg 768w, https:\/\/diariodigitalmx.com\/wp-content\/uploads\/2025\/10\/Cumbre1-1536x1025.jpg 1536w, https:\/\/diariodigitalmx.com\/wp-content\/uploads\/2025\/10\/Cumbre1.jpg 2048w\" sizes=\"(max-width: 1024px) 100vw, 1024px\" \/><\/figure>\n\n\n\n<p>La Cumbre Emprendedora 2025, celebrada en la Universidad Panamericana \u2014con el apoyo de EY y Siigo Aspel\u2014 fue sede para conmemorar los 10 a\u00f1os de trayectoria de la ASEM.<\/p>\n\n\n\n<p>Reuni\u00f3 a l\u00edderes empresariales, representantes del sector p\u00fablico, inversionistas, organizaciones de apoyo al emprendimiento y fundadores de empresas de diversos Estados, para reflexionar sobre los avances y retos del emprendimiento en M\u00e9xico. El encuentro sirvi\u00f3 como punto de conexi\u00f3n entre emprendedores, instituciones y actores que activamente impulsan el emprendimiento en el pa\u00eds.<\/p>\n\n\n\n<figure class=\"wp-block-image size-large\"><img loading=\"lazy\" decoding=\"async\" width=\"1024\" height=\"684\" src=\"https:\/\/diariodigitalmx.com\/wp-content\/uploads\/2025\/10\/Cumbre2-1024x684.jpg\" alt=\"\" class=\"wp-image-140374\" srcset=\"https:\/\/diariodigitalmx.com\/wp-content\/uploads\/2025\/10\/Cumbre2-1024x684.jpg 1024w, https:\/\/diariodigitalmx.com\/wp-content\/uploads\/2025\/10\/Cumbre2-300x200.jpg 300w, https:\/\/diariodigitalmx.com\/wp-content\/uploads\/2025\/10\/Cumbre2-768x513.jpg 768w, https:\/\/diariodigitalmx.com\/wp-content\/uploads\/2025\/10\/Cumbre2-1536x1025.jpg 1536w, https:\/\/diariodigitalmx.com\/wp-content\/uploads\/2025\/10\/Cumbre2.jpg 2048w\" sizes=\"(max-width: 1024px) 100vw, 1024px\" \/><\/figure>\n\n\n\n<p>Se destacaron algunos logros de la ASEM, como el haber impulsado reformas legislativas para crear la Sociedad por Acciones Simplificada (SAS). Se estima que, desde que entr\u00f3 en vigor en septiembre de 2026, se han constituido m\u00e1s de 100,000 empresas bajo este r\u00e9gimen societario \u2014que permite constituir empresas en l\u00ednea, sin costo y facilita la creaci\u00f3n de sociedades unipersonales\u2014, y generado ahorros superiores a los $2,000 millones de pesos para quienes deciden emprender.<\/p>\n\n\n\n<p>Tambi\u00e9n se subray\u00f3 el desarrollo del Emprendec\u00e1logo, una agenda p\u00fablico-privada de impulso al emprendimiento y desarrollo empresarial con 10 propuestas, entre las que se encuentran: garantizar el pago en plazos justos para las mipyme proveedoras, modernizar el proceso de constituci\u00f3n y operaci\u00f3n de figuras societarias e incrementar el acceso a cr\u00e9dito empresarial. De implementarse, estas iniciativas podr\u00edan generar m\u00e1s de $12,000 millones de pesos en ahorros anuales para emprendedores, incrementar el PIB nacional y mejorar el entorno para emprender y hacer negocios<\/p>\n\n\n\n<p>La asociaci\u00f3n ha capacitado a m\u00e1s de 170,000 personas a trav\u00e9s de programas, talleres, mentor\u00edas y eventos; y ha publicado 24 estudios especializados, entre los cuales destaca la \u201cRadiograf\u00eda del emprendimiento en M\u00e9xico\u201d. Tambi\u00e9n ha impulsado el acceso a asesor\u00eda legal con m\u00e1s de 2,000 otorgadas y la creaci\u00f3n de herramientas como el Manual Legal del Emprendimiento.<\/p>\n","protected":false},"excerpt":{"rendered":"<p>Emprender exige mucho m\u00e1s que una buena idea de negocio. Consciente de ello, la Asociaci\u00f3n de Emprendedores de M\u00e9xico (ASEM) ha dedicado una d\u00e9cada a abrir camino para fundadores de micro, peque\u00f1as, medianas y grandes empresas, a trav\u00e9s de programas de formaci\u00f3n, asesor\u00edas, generaci\u00f3n de redes de negocios y acceso a beneficios comerciales. La asociaci\u00f3n [&hellip;]<\/p>\n","protected":false},"author":1,"featured_media":140372,"comment_status":"open","ping_status":"open","sticky":false,"template":"","format":"standard","meta":{"footnotes":""},"categories":[14,10],"tags":[],"_links":{"self":[{"href":"https:\/\/diariodigitalmx.com\/index.php\/wp-json\/wp\/v2\/posts\/140370"}],"collection":[{"href":"https:\/\/diariodigitalmx.com\/index.php\/wp-json\/wp\/v2\/posts"}],"about":[{"href":"https:\/\/diariodigitalmx.com\/index.php\/wp-json\/wp\/v2\/types\/post"}],"author":[{"embeddable":true,"href":"https:\/\/diariodigitalmx.com\/index.php\/wp-json\/wp\/v2\/users\/1"}],"replies":[{"embeddable":true,"href":"https:\/\/diariodigitalmx.com\/index.php\/wp-json\/wp\/v2\/comments?post=140370"}],"version-history":[{"count":3,"href":"https:\/\/diariodigitalmx.com\/index.php\/wp-json\/wp\/v2\/posts\/140370\/revisions"}],"predecessor-version":[{"id":140377,"href":"https:\/\/diariodigitalmx.com\/index.php\/wp-json\/wp\/v2\/posts\/140370\/revisions\/140377"}],"wp:featuredmedia":[{"embeddable":true,"href":"https:\/\/diariodigitalmx.com\/index.php\/wp-json\/wp\/v2\/media\/140372"}],"wp:attachment":[{"href":"https:\/\/diariodigitalmx.com\/index.php\/wp-json\/wp\/v2\/media?parent=140370"}],"wp:term":[{"taxonomy":"category","embeddable":true,"href":"https:\/\/diariodigitalmx.com\/index.php\/wp-json\/wp\/v2\/categories?post=140370"},{"taxonomy":"post_tag","embeddable":true,"href":"https:\/\/diariodigitalmx.com\/index.php\/wp-json\/wp\/v2\/tags?post=140370"}],"curies":[{"name":"wp","href":"https:\/\/api.w.org\/{rel}","templated":true}]}}