{"id":140418,"date":"2025-10-08T21:44:17","date_gmt":"2025-10-09T03:44:17","guid":{"rendered":"https:\/\/diariodigitalmx.com\/?p=140418"},"modified":"2025-10-08T22:20:57","modified_gmt":"2025-10-09T04:20:57","slug":"adoctrinamiento-de-ninos-bajo-el-yugo-de-hamas","status":"publish","type":"post","link":"https:\/\/diariodigitalmx.com\/index.php\/2025\/10\/08\/adoctrinamiento-de-ninos-bajo-el-yugo-de-hamas\/","title":{"rendered":"Adoctrinamiento de ni\u00f1os bajo el yugo de Hamas"},"content":{"rendered":"\n<p>Charlas de taberna<\/p>\n\n\n\n<p>Marcos H. Valerio<\/p>\n\n\n\n<p>En las polvorientas calles de la Franja de Gaza, donde el eco de los conflictos resuena como un latido constante, las mentes m\u00e1s j\u00f3venes son atrapadas en una maquinaria de odio.&nbsp;<\/p>\n\n\n\n<p>Bajo el liderazgo de Hamas, las escuelas y campamentos de verano se han convertido en f\u00e1bricas de radicalizaci\u00f3n, donde ni\u00f1os, apenas en la antesala de la adolescencia, son moldeados para ver el terrorismo como \u201cun destino heroico\u201d.<\/p>\n\n\n\n<p>Libros de texto que glorifican la yihad y deslegitiman a Israel, junto con entrenamientos militares disfrazados de juegos, siembran en ellos la semilla de una lucha que no eligieron, pero que se les impone como un deber sagrado.<\/p>\n\n\n\n<p>En las aulas, los pupitres no solo sostienen cuadernos, sino una narrativa distorsionada que pinta a Israel y a los jud\u00edos como enemigos a erradicar. Los textos escolares, seg\u00fan informes del gobierno israel\u00ed, no solo niegan la existencia leg\u00edtima del Estado hebreo, sino que elevan a los \u201cm\u00e1rtires\u201d y los atentados a la categor\u00eda de actos heroicos.\u00a0<\/p>\n\n\n\n<figure class=\"wp-block-image size-full\"><img loading=\"lazy\" decoding=\"async\" width=\"271\" height=\"308\" src=\"https:\/\/diariodigitalmx.com\/wp-content\/uploads\/2025\/10\/IMG-20251008-WA0049.jpg\" alt=\"\" class=\"wp-image-140435\" srcset=\"https:\/\/diariodigitalmx.com\/wp-content\/uploads\/2025\/10\/IMG-20251008-WA0049.jpg 271w, https:\/\/diariodigitalmx.com\/wp-content\/uploads\/2025\/10\/IMG-20251008-WA0049-264x300.jpg 264w\" sizes=\"(max-width: 271px) 100vw, 271px\" \/><\/figure>\n\n\n\n<p>\u201cLa lucha armada es un mandato divino\u201d, se les repite a ni\u00f1os que apenas comienzan a comprender el mundo. Esta ideolog\u00eda se refuerza en los campamentos de verano de Hamas, donde menores de edad aprenden a empu\u00f1ar armas y son reclutados como futuros \u201csoldados\u201d de la organizaci\u00f3n.&nbsp;<\/p>\n\n\n\n<p>Una publicaci\u00f3n reciente, titulada \u201cLos Cachorros de los Leones de la Venganza\u201d, celebr\u00f3 con orgullo a tres adolescentes por su participaci\u00f3n en ataques, exhibiendo sus nombres y rostros como trofeos de una valent\u00eda torcida.<\/p>\n\n\n\n<figure class=\"wp-block-gallery has-nested-images columns-default is-cropped wp-block-gallery-1 is-layout-flex wp-block-gallery-is-layout-flex\">\n<figure class=\"wp-block-image size-large\"><img loading=\"lazy\" decoding=\"async\" width=\"383\" height=\"438\" data-id=\"140436\" src=\"https:\/\/diariodigitalmx.com\/wp-content\/uploads\/2025\/10\/IMG-20251008-WA0051.jpg\" alt=\"\" class=\"wp-image-140436\" srcset=\"https:\/\/diariodigitalmx.com\/wp-content\/uploads\/2025\/10\/IMG-20251008-WA0051.jpg 383w, https:\/\/diariodigitalmx.com\/wp-content\/uploads\/2025\/10\/IMG-20251008-WA0051-262x300.jpg 262w\" sizes=\"(max-width: 383px) 100vw, 383px\" \/><\/figure>\n\n\n\n<figure class=\"wp-block-image size-large\"><img loading=\"lazy\" decoding=\"async\" width=\"503\" height=\"423\" data-id=\"140437\" src=\"https:\/\/diariodigitalmx.com\/wp-content\/uploads\/2025\/10\/IMG-20251008-WA0050.jpg\" alt=\"\" class=\"wp-image-140437\" srcset=\"https:\/\/diariodigitalmx.com\/wp-content\/uploads\/2025\/10\/IMG-20251008-WA0050.jpg 503w, https:\/\/diariodigitalmx.com\/wp-content\/uploads\/2025\/10\/IMG-20251008-WA0050-300x252.jpg 300w\" sizes=\"(max-width: 503px) 100vw, 503px\" \/><\/figure>\n<\/figure>\n\n\n\n<p>La presi\u00f3n econ\u00f3mica aprieta a\u00fan m\u00e1s el cerco. Profesores y directores que osan cuestionar este adoctrinamiento enfrentan la amenaza del despido, silenciando cualquier atisbo de resistencia.&nbsp;<\/p>\n\n\n\n<p>As\u00ed, Hamas asegura la complicidad de un sistema educativo que no educa para la paz, sino para la guerra. Este esfuerzo, que entrelaza ideolog\u00eda, religi\u00f3n y entrenamiento militar, no solo busca perpetuar el control de Hamas, sino garantizar que la pr\u00f3xima generaci\u00f3n de palestinos crezca con el odio como br\u00fajula y la violencia como destino.<\/p>\n\n\n\n<p>Mientras tanto, Israel observa con alarma c\u00f3mo la influencia de Hamas se extiende en el sistema educativo de la Autoridad Palestina, un terreno f\u00e9rtil para la radicalizaci\u00f3n.\u00a0<\/p>\n\n\n\n<figure class=\"wp-block-image size-full\"><img loading=\"lazy\" decoding=\"async\" width=\"470\" height=\"598\" src=\"https:\/\/diariodigitalmx.com\/wp-content\/uploads\/2025\/10\/IMG-20251008-WA0054.jpg\" alt=\"\" class=\"wp-image-140438\" srcset=\"https:\/\/diariodigitalmx.com\/wp-content\/uploads\/2025\/10\/IMG-20251008-WA0054.jpg 470w, https:\/\/diariodigitalmx.com\/wp-content\/uploads\/2025\/10\/IMG-20251008-WA0054-236x300.jpg 236w\" sizes=\"(max-width: 470px) 100vw, 470px\" \/><\/figure>\n\n\n\n<p>Expertos advierten que, sin una reforma urgente, este ciclo de violencia seguir\u00e1 aliment\u00e1ndose de las mentes j\u00f3venes.&nbsp;<\/p>\n\n\n\n<p>La pregunta que retumba en el coraz\u00f3n de Gaza no es solo si estos ni\u00f1os tendr\u00e1n un futuro m\u00e1s all\u00e1 del odio, sino si la comunidad internacional despertar\u00e1 para detener esta tragedia o permitir\u00e1 que Gaza siga siendo un semillero de extremismo, donde los sue\u00f1os de la infancia se convierten en pesadillas de guerra.<\/p>\n","protected":false},"excerpt":{"rendered":"<p>Charlas de taberna Marcos H. Valerio En las polvorientas calles de la Franja de Gaza, donde el eco de los conflictos resuena como un latido constante, las mentes m\u00e1s j\u00f3venes son atrapadas en una maquinaria de odio.&nbsp; Bajo el liderazgo de Hamas, las escuelas y campamentos de verano se han convertido en f\u00e1bricas de radicalizaci\u00f3n, [&hellip;]<\/p>\n","protected":false},"author":1,"featured_media":140433,"comment_status":"open","ping_status":"open","sticky":false,"template":"","format":"standard","meta":{"footnotes":""},"categories":[2],"tags":[],"_links":{"self":[{"href":"https:\/\/diariodigitalmx.com\/index.php\/wp-json\/wp\/v2\/posts\/140418"}],"collection":[{"href":"https:\/\/diariodigitalmx.com\/index.php\/wp-json\/wp\/v2\/posts"}],"about":[{"href":"https:\/\/diariodigitalmx.com\/index.php\/wp-json\/wp\/v2\/types\/post"}],"author":[{"embeddable":true,"href":"https:\/\/diariodigitalmx.com\/index.php\/wp-json\/wp\/v2\/users\/1"}],"replies":[{"embeddable":true,"href":"https:\/\/diariodigitalmx.com\/index.php\/wp-json\/wp\/v2\/comments?post=140418"}],"version-history":[{"count":2,"href":"https:\/\/diariodigitalmx.com\/index.php\/wp-json\/wp\/v2\/posts\/140418\/revisions"}],"predecessor-version":[{"id":140439,"href":"https:\/\/diariodigitalmx.com\/index.php\/wp-json\/wp\/v2\/posts\/140418\/revisions\/140439"}],"wp:featuredmedia":[{"embeddable":true,"href":"https:\/\/diariodigitalmx.com\/index.php\/wp-json\/wp\/v2\/media\/140433"}],"wp:attachment":[{"href":"https:\/\/diariodigitalmx.com\/index.php\/wp-json\/wp\/v2\/media?parent=140418"}],"wp:term":[{"taxonomy":"category","embeddable":true,"href":"https:\/\/diariodigitalmx.com\/index.php\/wp-json\/wp\/v2\/categories?post=140418"},{"taxonomy":"post_tag","embeddable":true,"href":"https:\/\/diariodigitalmx.com\/index.php\/wp-json\/wp\/v2\/tags?post=140418"}],"curies":[{"name":"wp","href":"https:\/\/api.w.org\/{rel}","templated":true}]}}