{"id":140476,"date":"2025-10-09T11:15:57","date_gmt":"2025-10-09T17:15:57","guid":{"rendered":"https:\/\/diariodigitalmx.com\/?p=140476"},"modified":"2025-10-09T11:17:52","modified_gmt":"2025-10-09T17:17:52","slug":"conmemoran-mineros-aniversario-luctuoso-de-napoleon-gomez-sada","status":"publish","type":"post","link":"https:\/\/diariodigitalmx.com\/index.php\/2025\/10\/09\/conmemoran-mineros-aniversario-luctuoso-de-napoleon-gomez-sada\/","title":{"rendered":"Conmemoran Mineros aniversario luctuoso de Napole\u00f3n G\u00f3mez Sada"},"content":{"rendered":"\n<p>M\u00e1s de 500 integrantes de diversas secciones del Sindicato de Trabajadores Mineros, Metal\u00fargicos, Sider\u00fargicos y Similares de la Rep\u00fablica Mexicana, conmemoraron hoy el aniversario luctuoso de quien fuera su dirigente nacional, Napole\u00f3n G\u00f3mez Sada.<\/p>\n\n\n\n<p>El homenaje se realiz\u00f3 en el acceso 2 del Parque Fundidora, en donde esta ubicada una estatua de bronce del desaparecido l\u00edder sindical.<\/p>\n\n\n\n<p>Desde Madrid, Espa\u00f1a, v\u00eda video llamada el actual secretario General del SNM y actual diputado federal, Napole\u00f3n G\u00f3mez Urrutia, destac\u00f3 la lucha por la defensa de los derechos de los trabajadores mineros que encabez\u00f3 el dirigente desaparecido.<\/p>\n\n\n\n<figure class=\"wp-block-image size-large\"><img loading=\"lazy\" decoding=\"async\" width=\"1024\" height=\"768\" src=\"https:\/\/diariodigitalmx.com\/wp-content\/uploads\/2025\/10\/IMG-20251009-WA0064-1024x768.jpg\" alt=\"\" class=\"wp-image-140480\" srcset=\"https:\/\/diariodigitalmx.com\/wp-content\/uploads\/2025\/10\/IMG-20251009-WA0064-1024x768.jpg 1024w, https:\/\/diariodigitalmx.com\/wp-content\/uploads\/2025\/10\/IMG-20251009-WA0064-300x225.jpg 300w, https:\/\/diariodigitalmx.com\/wp-content\/uploads\/2025\/10\/IMG-20251009-WA0064-768x576.jpg 768w, https:\/\/diariodigitalmx.com\/wp-content\/uploads\/2025\/10\/IMG-20251009-WA0064-1536x1152.jpg 1536w, https:\/\/diariodigitalmx.com\/wp-content\/uploads\/2025\/10\/IMG-20251009-WA0064.jpg 1600w\" sizes=\"(max-width: 1024px) 100vw, 1024px\" \/><\/figure>\n\n\n\n<p>En el marco del XXIV Aniversario de su fallecimiento, G\u00f3mez Urrutia enfatiz\u00f3 que el sindicalismo mexicano sigue afrontando retos y desaf\u00edos, tanto de pol\u00edticos de derecha como de empresarios.<\/p>\n\n\n\n<p>G\u00f3mez Sada fue l\u00edder nacional del sindicato minero por 40 a\u00f1os, de 1960 al 2000, a\u00f1o cuando se retir\u00f3 por problemas de salud, siendo electo como dirigente suplente G\u00f3mez Urrutia.<\/p>\n\n\n\n<p>\u201cComo presidente del Congreso del Trabajo en cuatro ocasiones consolid\u00f3 la lucha por los intereses laborales de la clase trabajadora gracias a su visi\u00f3n progresista\u201d, agreg\u00f3 en su mensaje el legislador federal.<\/p>\n\n\n\n<p>\u201cPara honrar su legado los mineros unidos del pa\u00eds debemos continuar la lucha sindical por el respeto a nuestros derechos y de nuestras familias\u201d, concluy\u00f3.<\/p>\n\n\n\n<figure class=\"wp-block-image size-large\"><img loading=\"lazy\" decoding=\"async\" width=\"1024\" height=\"768\" src=\"https:\/\/diariodigitalmx.com\/wp-content\/uploads\/2025\/10\/IMG-20251009-WA0063-1024x768.jpg\" alt=\"\" class=\"wp-image-140481\" srcset=\"https:\/\/diariodigitalmx.com\/wp-content\/uploads\/2025\/10\/IMG-20251009-WA0063-1024x768.jpg 1024w, https:\/\/diariodigitalmx.com\/wp-content\/uploads\/2025\/10\/IMG-20251009-WA0063-300x225.jpg 300w, https:\/\/diariodigitalmx.com\/wp-content\/uploads\/2025\/10\/IMG-20251009-WA0063-768x576.jpg 768w, https:\/\/diariodigitalmx.com\/wp-content\/uploads\/2025\/10\/IMG-20251009-WA0063-1536x1152.jpg 1536w, https:\/\/diariodigitalmx.com\/wp-content\/uploads\/2025\/10\/IMG-20251009-WA0063.jpg 1600w\" sizes=\"(max-width: 1024px) 100vw, 1024px\" \/><\/figure>\n\n\n\n<p>Napole\u00f3n G\u00f3mez Sada naci\u00f3 en el municipio de Cadereyta, el 22 de mayo de 1914 y falleci\u00f3 en Monterrey el 11 de octubre del 2001.<\/p>\n\n\n\n<p>Fue Regidor del Ayuntamiento de Monterrey de 1952 a 1954, as\u00ed como Senador suplente de \u00c1ngel Santos Cervantes de 1958 a 1964, as\u00ed como de Eduardo Livas Villarreal de 1964 a 1970.<\/p>\n\n\n\n<p>De 1976 a 1982 tambi\u00e9n fue Senador por Nuevo Le\u00f3n, siendo su predecesor de Bonifacio Salinas Leal y sucesor de Ra\u00fal Caballero Escamilla.<\/p>\n","protected":false},"excerpt":{"rendered":"<p>M\u00e1s de 500 integrantes de diversas secciones del Sindicato de Trabajadores Mineros, Metal\u00fargicos, Sider\u00fargicos y Similares de la Rep\u00fablica Mexicana, conmemoraron hoy el aniversario luctuoso de quien fuera su dirigente nacional, Napole\u00f3n G\u00f3mez Sada. El homenaje se realiz\u00f3 en el acceso 2 del Parque Fundidora, en donde esta ubicada una estatua de bronce del desaparecido [&hellip;]<\/p>\n","protected":false},"author":1,"featured_media":140478,"comment_status":"open","ping_status":"open","sticky":false,"template":"","format":"standard","meta":{"footnotes":""},"categories":[6],"tags":[],"_links":{"self":[{"href":"https:\/\/diariodigitalmx.com\/index.php\/wp-json\/wp\/v2\/posts\/140476"}],"collection":[{"href":"https:\/\/diariodigitalmx.com\/index.php\/wp-json\/wp\/v2\/posts"}],"about":[{"href":"https:\/\/diariodigitalmx.com\/index.php\/wp-json\/wp\/v2\/types\/post"}],"author":[{"embeddable":true,"href":"https:\/\/diariodigitalmx.com\/index.php\/wp-json\/wp\/v2\/users\/1"}],"replies":[{"embeddable":true,"href":"https:\/\/diariodigitalmx.com\/index.php\/wp-json\/wp\/v2\/comments?post=140476"}],"version-history":[{"count":2,"href":"https:\/\/diariodigitalmx.com\/index.php\/wp-json\/wp\/v2\/posts\/140476\/revisions"}],"predecessor-version":[{"id":140482,"href":"https:\/\/diariodigitalmx.com\/index.php\/wp-json\/wp\/v2\/posts\/140476\/revisions\/140482"}],"wp:featuredmedia":[{"embeddable":true,"href":"https:\/\/diariodigitalmx.com\/index.php\/wp-json\/wp\/v2\/media\/140478"}],"wp:attachment":[{"href":"https:\/\/diariodigitalmx.com\/index.php\/wp-json\/wp\/v2\/media?parent=140476"}],"wp:term":[{"taxonomy":"category","embeddable":true,"href":"https:\/\/diariodigitalmx.com\/index.php\/wp-json\/wp\/v2\/categories?post=140476"},{"taxonomy":"post_tag","embeddable":true,"href":"https:\/\/diariodigitalmx.com\/index.php\/wp-json\/wp\/v2\/tags?post=140476"}],"curies":[{"name":"wp","href":"https:\/\/api.w.org\/{rel}","templated":true}]}}