{"id":140486,"date":"2025-10-09T18:47:38","date_gmt":"2025-10-10T00:47:38","guid":{"rendered":"https:\/\/diariodigitalmx.com\/?p=140486"},"modified":"2025-10-09T18:58:06","modified_gmt":"2025-10-10T00:58:06","slug":"mexico-puede-lograr-la-autosuficiencia-alimentaria-anuncian-expo-agroalimentaria-guanajuato","status":"publish","type":"post","link":"https:\/\/diariodigitalmx.com\/index.php\/2025\/10\/09\/mexico-puede-lograr-la-autosuficiencia-alimentaria-anuncian-expo-agroalimentaria-guanajuato\/","title":{"rendered":"M\u00e9xico puede lograr la autosuficiencia alimentaria; anuncian Expo Agroalimentaria Guanajuato"},"content":{"rendered":"\n<p>Monterrey . &#8211; M\u00e9xico puede lograr las autosuficiencia alimentaria si los productores se organizan y buscan los mercados nacionales e internacionales, adem\u00e1s de generar un valor agregado al producto, considera Lilian Ibarra Retana, directora general del Patronato para el Desarrollo Agropecuario de Guanajuato A.C<\/p>\n\n\n\n<p>Ibarra Retana, encabez\u00f3 una delegaci\u00f3n que incluy\u00f3 a expositores, para anunciar la&nbsp; 30 edici\u00f3n de la Expo Agroalimentaria Guanajuato,&nbsp; a realizarse del 11 al 14 de noviembre en Irapuato, Guanajuato.<\/p>\n\n\n\n<p>Dijo que la exposici\u00f3n representa en el sector agroalimentario de M\u00e9xico, el epicentro de los negocios donde se suman m\u00e1s de 55 pa\u00edses.<\/p>\n\n\n\n<p>Puntualiz\u00f3 la oportunidad para que los productores nacionales se capaciten y actualicen en la modernidad para mejorar el agro y hacerlo producir con calidad, e hizo un llamado a que, por encima de colores pol\u00edticos, se organicen y preparen para ser competitivos.<\/p>\n\n\n\n<figure class=\"wp-block-image size-large\"><img loading=\"lazy\" decoding=\"async\" width=\"1024\" height=\"707\" src=\"https:\/\/diariodigitalmx.com\/wp-content\/uploads\/2025\/10\/20251009_104432-1024x707.jpg\" alt=\"\" class=\"wp-image-140490\" srcset=\"https:\/\/diariodigitalmx.com\/wp-content\/uploads\/2025\/10\/20251009_104432-1024x707.jpg 1024w, https:\/\/diariodigitalmx.com\/wp-content\/uploads\/2025\/10\/20251009_104432-300x207.jpg 300w, https:\/\/diariodigitalmx.com\/wp-content\/uploads\/2025\/10\/20251009_104432-768x530.jpg 768w, https:\/\/diariodigitalmx.com\/wp-content\/uploads\/2025\/10\/20251009_104432-1536x1060.jpg 1536w, https:\/\/diariodigitalmx.com\/wp-content\/uploads\/2025\/10\/20251009_104432-2048x1413.jpg 2048w\" sizes=\"(max-width: 1024px) 100vw, 1024px\" \/><\/figure>\n\n\n\n<p>El evento se realiza en una extensi\u00f3n de&nbsp; 62 hect\u00e1reas de innovaci\u00f3n, de tecnolog\u00eda con campo experimental con 21 invernaderos, diferentes cultivos en m\u00e1s de 189 parcelas demostrativas que muestran como se aplica la tecnolog\u00eda para granos, forrajes y hortalizas entre otros.<\/p>\n\n\n\n<p>Asimismo, m\u00e1s de 400 empresas. conforman una cadena productiva en en la nave A, en tanto sobresale tambi\u00e9n el pabellon tradicional de vino y queso, lo que produce la regi\u00f3n de mezcla y tequila, agreg\u00f3 Ibarra.<\/p>\n\n\n\n<figure class=\"wp-block-image size-large\"><img loading=\"lazy\" decoding=\"async\" width=\"1024\" height=\"768\" src=\"https:\/\/diariodigitalmx.com\/wp-content\/uploads\/2025\/10\/20251009_100645-1024x768.jpg\" alt=\"\" class=\"wp-image-140491\" srcset=\"https:\/\/diariodigitalmx.com\/wp-content\/uploads\/2025\/10\/20251009_100645-1024x768.jpg 1024w, https:\/\/diariodigitalmx.com\/wp-content\/uploads\/2025\/10\/20251009_100645-300x225.jpg 300w, https:\/\/diariodigitalmx.com\/wp-content\/uploads\/2025\/10\/20251009_100645-768x576.jpg 768w, https:\/\/diariodigitalmx.com\/wp-content\/uploads\/2025\/10\/20251009_100645-1536x1152.jpg 1536w, https:\/\/diariodigitalmx.com\/wp-content\/uploads\/2025\/10\/20251009_100645-2048x1536.jpg 2048w\" sizes=\"(max-width: 1024px) 100vw, 1024px\" \/><\/figure>\n\n\n\n<p>Destac\u00f3 la realizaci\u00f3n de 20 conferencias m\u00e1s importantes dentro del sector agr\u00edcola y la colaboraci\u00f3n con el gran baj\u00edo para impulsar la agenda de negocios, donde siempre habr\u00e1 oportunidad de vender o comprar.<\/p>\n\n\n\n<p>En esta edici\u00f3n de la Expo Agroalimentaria Guanajuato, con m\u00e1s de 750 empresas se espera superar la asistencia de 150 mil personas del a\u00f1o pasado.<\/p>\n\n\n\n<p>Por su parte, Georgina Corona gerente de Ventas zona exterior del Patronato, se\u00f1al\u00f3 que la Expo no solo es n\u00fameros, sino, un lugar donde se actualizan todos sectores del sector agropecuario<\/p>\n\n\n\n<p>&#8220;Es un evento de negocios, de aprendizaje y conexi\u00f3n, para hacer negocios y detonar el desarrollo&#8221;, a\u00f1adi\u00f3.&nbsp;<\/p>\n","protected":false},"excerpt":{"rendered":"<p>Monterrey . &#8211; M\u00e9xico puede lograr las autosuficiencia alimentaria si los productores se organizan y buscan los mercados nacionales e internacionales, adem\u00e1s de generar un valor agregado al producto, considera Lilian Ibarra Retana, directora general del Patronato para el Desarrollo Agropecuario de Guanajuato A.C Ibarra Retana, encabez\u00f3 una delegaci\u00f3n que incluy\u00f3 a expositores, para anunciar [&hellip;]<\/p>\n","protected":false},"author":1,"featured_media":140493,"comment_status":"open","ping_status":"open","sticky":false,"template":"","format":"standard","meta":{"footnotes":""},"categories":[10,3,5],"tags":[],"_links":{"self":[{"href":"https:\/\/diariodigitalmx.com\/index.php\/wp-json\/wp\/v2\/posts\/140486"}],"collection":[{"href":"https:\/\/diariodigitalmx.com\/index.php\/wp-json\/wp\/v2\/posts"}],"about":[{"href":"https:\/\/diariodigitalmx.com\/index.php\/wp-json\/wp\/v2\/types\/post"}],"author":[{"embeddable":true,"href":"https:\/\/diariodigitalmx.com\/index.php\/wp-json\/wp\/v2\/users\/1"}],"replies":[{"embeddable":true,"href":"https:\/\/diariodigitalmx.com\/index.php\/wp-json\/wp\/v2\/comments?post=140486"}],"version-history":[{"count":2,"href":"https:\/\/diariodigitalmx.com\/index.php\/wp-json\/wp\/v2\/posts\/140486\/revisions"}],"predecessor-version":[{"id":140492,"href":"https:\/\/diariodigitalmx.com\/index.php\/wp-json\/wp\/v2\/posts\/140486\/revisions\/140492"}],"wp:featuredmedia":[{"embeddable":true,"href":"https:\/\/diariodigitalmx.com\/index.php\/wp-json\/wp\/v2\/media\/140493"}],"wp:attachment":[{"href":"https:\/\/diariodigitalmx.com\/index.php\/wp-json\/wp\/v2\/media?parent=140486"}],"wp:term":[{"taxonomy":"category","embeddable":true,"href":"https:\/\/diariodigitalmx.com\/index.php\/wp-json\/wp\/v2\/categories?post=140486"},{"taxonomy":"post_tag","embeddable":true,"href":"https:\/\/diariodigitalmx.com\/index.php\/wp-json\/wp\/v2\/tags?post=140486"}],"curies":[{"name":"wp","href":"https:\/\/api.w.org\/{rel}","templated":true}]}}