{"id":140574,"date":"2025-10-11T08:51:04","date_gmt":"2025-10-11T14:51:04","guid":{"rendered":"https:\/\/diariodigitalmx.com\/?p=140574"},"modified":"2025-10-11T08:53:27","modified_gmt":"2025-10-11T14:53:27","slug":"emprendimientos-locales-el-nuevo-efecto-colateral-del-auge-minero-en-mexico","status":"publish","type":"post","link":"https:\/\/diariodigitalmx.com\/index.php\/2025\/10\/11\/emprendimientos-locales-el-nuevo-efecto-colateral-del-auge-minero-en-mexico\/","title":{"rendered":"El nuevo efecto colateral del auge minero en M\u00e9xico"},"content":{"rendered":"\n<p>La miner\u00eda ya no se mide en toneladas extra\u00eddas. Hoy su alcance se refleja en derrama econ\u00f3mica. En el primer trimestre de 2025, seg\u00fan datos del Gobierno de M\u00e9xico, emple\u00f3 a 278 mil personas, de las cuales 72.5% labor\u00f3 en condiciones formales y 27.5% en la informalidad, un segmento que tambi\u00e9n dinamiza las econom\u00edas locales.<\/p>\n\n\n\n<p>\u201cCada vez que una mina inicia su operaci\u00f3n, surge una red local de trabajo. Es emprendimiento en tiempo real: cocinas que se transforman en comedores, taxis en transporte empresarial, talleres en proveedores de mantenimiento. La miner\u00eda impulsa lo que se podr\u00eda denominar como una econom\u00eda de rebote\u201d, explica Zulma Herrera, socia y CEO de Mynotauro Co.<\/p>\n\n\n\n<p>Un motor silencioso de desarrollo<\/p>\n\n\n\n<p>M\u00e1s all\u00e1 de la extracci\u00f3n, el sector detona la actividad de peque\u00f1os negocios que cubren necesidades inmediatas como transporte, servicios t\u00e9cnicos, alimentaci\u00f3n y hospedaje, y que, al integrarse a la cadena de valor, introducen procesos eficientes, nuevas tecnolog\u00edas y pr\u00e1cticas sostenibles. Esto lo convierte en un catalizador de competitividad e inclusi\u00f3n social.<\/p>\n\n\n\n<p>En algunos casos, las mujeres logran posicionarse como protagonistas y liderar proyectos en \u00e1reas hist\u00f3ricamente masculinizadas como transporte y servicios t\u00e9cnicos. Adem\u00e1s de consolidarse en el rubro de la alimentaci\u00f3n.<\/p>\n\n\n\n<p>\u201cSu participaci\u00f3n no solo diversifica la fuerza laboral, tambi\u00e9n redefine el tejido econ\u00f3mico y social de comunidades que antes restring\u00edan sus oportunidades\u201d, a\u00f1ade la experta.<\/p>\n\n\n\n<p>Consolidar el c\u00edrculo virtuoso<\/p>\n\n\n\n<p>Aunque el avance es incuestionable, a\u00fan existe un amplio margen de maniobra para fortalecer el papel de la miner\u00eda como detonador de emprendimientos locales. En ese sentido, se requiere avanzar en tres l\u00edneas estrat\u00e9gicas:<\/p>\n\n\n\n<p>\u25cf Compras locales: abrir contratos y plataformas de proveedur\u00eda a peque\u00f1os negocios locales.<\/p>\n\n\n\n<p>\u25cf Pol\u00edticas p\u00fablicas: incentivos fiscales y esquemas de financiamiento con enfoque en innovaci\u00f3n y equidad de g\u00e9nero.<\/p>\n\n\n\n<p>\u25cf Educaci\u00f3n y capacitaci\u00f3n: programas t\u00e9cnicos y mentor\u00edas para fortalecer servicios especializados.<\/p>\n","protected":false},"excerpt":{"rendered":"<p>La miner\u00eda ya no se mide en toneladas extra\u00eddas. Hoy su alcance se refleja en derrama econ\u00f3mica. En el primer trimestre de 2025, seg\u00fan datos del Gobierno de M\u00e9xico, emple\u00f3 a 278 mil personas, de las cuales 72.5% labor\u00f3 en condiciones formales y 27.5% en la informalidad, un segmento que tambi\u00e9n dinamiza las econom\u00edas locales. [&hellip;]<\/p>\n","protected":false},"author":1,"featured_media":140576,"comment_status":"open","ping_status":"open","sticky":false,"template":"","format":"standard","meta":{"footnotes":""},"categories":[10],"tags":[],"_links":{"self":[{"href":"https:\/\/diariodigitalmx.com\/index.php\/wp-json\/wp\/v2\/posts\/140574"}],"collection":[{"href":"https:\/\/diariodigitalmx.com\/index.php\/wp-json\/wp\/v2\/posts"}],"about":[{"href":"https:\/\/diariodigitalmx.com\/index.php\/wp-json\/wp\/v2\/types\/post"}],"author":[{"embeddable":true,"href":"https:\/\/diariodigitalmx.com\/index.php\/wp-json\/wp\/v2\/users\/1"}],"replies":[{"embeddable":true,"href":"https:\/\/diariodigitalmx.com\/index.php\/wp-json\/wp\/v2\/comments?post=140574"}],"version-history":[{"count":2,"href":"https:\/\/diariodigitalmx.com\/index.php\/wp-json\/wp\/v2\/posts\/140574\/revisions"}],"predecessor-version":[{"id":140577,"href":"https:\/\/diariodigitalmx.com\/index.php\/wp-json\/wp\/v2\/posts\/140574\/revisions\/140577"}],"wp:featuredmedia":[{"embeddable":true,"href":"https:\/\/diariodigitalmx.com\/index.php\/wp-json\/wp\/v2\/media\/140576"}],"wp:attachment":[{"href":"https:\/\/diariodigitalmx.com\/index.php\/wp-json\/wp\/v2\/media?parent=140574"}],"wp:term":[{"taxonomy":"category","embeddable":true,"href":"https:\/\/diariodigitalmx.com\/index.php\/wp-json\/wp\/v2\/categories?post=140574"},{"taxonomy":"post_tag","embeddable":true,"href":"https:\/\/diariodigitalmx.com\/index.php\/wp-json\/wp\/v2\/tags?post=140574"}],"curies":[{"name":"wp","href":"https:\/\/api.w.org\/{rel}","templated":true}]}}