{"id":140581,"date":"2025-10-11T18:14:53","date_gmt":"2025-10-12T00:14:53","guid":{"rendered":"https:\/\/diariodigitalmx.com\/?p=140581"},"modified":"2025-10-11T20:24:16","modified_gmt":"2025-10-12T02:24:16","slug":"lanza-mijes-llamado-de-ayuda-a-familias-de-veracruz-afectadas-por-lluvias","status":"publish","type":"post","link":"https:\/\/diariodigitalmx.com\/index.php\/2025\/10\/11\/lanza-mijes-llamado-de-ayuda-a-familias-de-veracruz-afectadas-por-lluvias\/","title":{"rendered":"Lanza Mijes llamado de ayuda a familias de Veracruz afectadas por lluvias"},"content":{"rendered":"\n<figure class=\"wp-block-image size-large\"><img loading=\"lazy\" decoding=\"async\" width=\"1024\" height=\"683\" src=\"https:\/\/diariodigitalmx.com\/wp-content\/uploads\/2025\/10\/mijes4-1024x683.jpg\" alt=\"\" class=\"wp-image-140588\" srcset=\"https:\/\/diariodigitalmx.com\/wp-content\/uploads\/2025\/10\/mijes4-1024x683.jpg 1024w, https:\/\/diariodigitalmx.com\/wp-content\/uploads\/2025\/10\/mijes4-300x200.jpg 300w, https:\/\/diariodigitalmx.com\/wp-content\/uploads\/2025\/10\/mijes4-768x512.jpg 768w, https:\/\/diariodigitalmx.com\/wp-content\/uploads\/2025\/10\/mijes4-1536x1024.jpg 1536w, https:\/\/diariodigitalmx.com\/wp-content\/uploads\/2025\/10\/mijes4-2048x1365.jpg 2048w\" sizes=\"(max-width: 1024px) 100vw, 1024px\" \/><\/figure>\n\n\n\n<p>El Alcalde Andr\u00e9s Mijes lanz\u00f3 un llamado urgente a la poblaci\u00f3n, al sector empresarial y al comercio local para solidarizarse con las familias del Estado de Veracruz, que en los \u00faltimos d\u00edas se han visto severamente afectadas por lluvias torrenciales.<br>La 4T Norte\u00f1a, en un gesto de empat\u00eda y uni\u00f3n, sumar\u00e1 esfuerzos para hacer llegar ayuda a quienes m\u00e1s lo necesitan.<br>Decenas de comunidades veracruzanas enfrentan graves da\u00f1os materiales, inundaciones y p\u00e9rdidas de bienes b\u00e1sicos, por lo que, en esta ocasi\u00f3n, el DIF Municipal, la Secretar\u00eda de Seguridad Ciudadana y la<br>Direcci\u00f3n de Protecci\u00f3n y Bienestar Animal se convertir\u00e1n en centros de acopio oficiales, donde se estar\u00e1n recibiendo v\u00edveres e insumos de primera necesidad tanto para las familias como para los animales afectados por las inundaciones.<br>Mijes se\u00f1al\u00f3 que Escobedo, la Capital de la Transformaci\u00f3n, ha demostrado en diversas ocasiones su capacidad de respuesta solidaria ante desastres naturales, dentro y fuera del estado.<br>\u201cHay que ser solidarios. Nosotros, los escobedenses, nos consideramos una ciudad solidaria y siempre estamos apoyando en la tragedia a nuestros connacionales. Hay que hacerlo esta vez\u201d.<br>\u201cHoy pedimos nuevamente el apoyo de nuestra comunidad. Veracruz nos necesita, y sabemos que juntos podemos marcar la diferencia\u201d, expres\u00f3.<\/p>\n\n\n\n<figure class=\"wp-block-image size-large\"><img loading=\"lazy\" decoding=\"async\" width=\"1024\" height=\"683\" src=\"https:\/\/diariodigitalmx.com\/wp-content\/uploads\/2025\/10\/mijes1-1024x683.jpg\" alt=\"\" class=\"wp-image-140587\" srcset=\"https:\/\/diariodigitalmx.com\/wp-content\/uploads\/2025\/10\/mijes1-1024x683.jpg 1024w, https:\/\/diariodigitalmx.com\/wp-content\/uploads\/2025\/10\/mijes1-300x200.jpg 300w, https:\/\/diariodigitalmx.com\/wp-content\/uploads\/2025\/10\/mijes1-768x512.jpg 768w, https:\/\/diariodigitalmx.com\/wp-content\/uploads\/2025\/10\/mijes1-1536x1024.jpg 1536w, https:\/\/diariodigitalmx.com\/wp-content\/uploads\/2025\/10\/mijes1-2048x1365.jpg 2048w\" sizes=\"(max-width: 1024px) 100vw, 1024px\" \/><\/figure>\n\n\n\n<p>El DIF Municipal, ubicado sobre Avenida Ra\u00fal Salinas, recibir\u00e1 donativos de alimentos no perecederos, agua embotellada, art\u00edculos de higiene personal, medicamentos no caducos, ropa en buen estado y productos de limpieza. El horario de recepci\u00f3n ser\u00e1 de 8:00 de la ma\u00f1ana a 6:00 de la tarde de lunes a viernes.<br>Por su parte, la Secretar\u00eda de Seguridad Ciudadana, ubicada en Las Torres 401, Parque Industrial, tambi\u00e9n funcionar\u00e1 como centro de acopio, reforzando la log\u00edstica de recolecci\u00f3n y resguardo de los donativos que ser\u00e1n enviados al estado de Veracruz en los pr\u00f3ximos d\u00edas.<br>Asimismo, la Cl\u00ednica Veterinaria Municipal, situada en Margaritas s\/n, Colonia Los Olivos, concentrar\u00e1 la ayuda destinada a los animales que tambi\u00e9n resultaron afectados por las fuertes lluvias. Se estar\u00e1n<br>recolectando alimentos e insumos para mascotas, material de curaci\u00f3n, collares, cobijas, platos y camas.<br>Como incentivo a la participaci\u00f3n ciudadana, por cada dos kilos de alimento para mascotas donado se entregar\u00e1 una gorra como muestra de agradecimiento por la colaboraci\u00f3n y solidaridad.<br>Mijes reiter\u00f3 que todos los insumos recolectados ser\u00e1n enviados de manera directa y transparente a las comunidades m\u00e1s da\u00f1adas de Veracruz.<br>Con esta iniciativa, la 4T Norte\u00f1a reafirma su compromiso social y humanitario, sumando voluntades en momentos de emergencia y demostrando que la solidaridad entre estados es la fuerza que une a M\u00e9xico.<\/p>\n","protected":false},"excerpt":{"rendered":"<p>El Alcalde Andr\u00e9s Mijes lanz\u00f3 un llamado urgente a la poblaci\u00f3n, al sector empresarial y al comercio local para solidarizarse con las familias del Estado de Veracruz, que en los \u00faltimos d\u00edas se han visto severamente afectadas por lluvias torrenciales.La 4T Norte\u00f1a, en un gesto de empat\u00eda y uni\u00f3n, sumar\u00e1 esfuerzos para hacer llegar ayuda [&hellip;]<\/p>\n","protected":false},"author":1,"featured_media":140585,"comment_status":"open","ping_status":"open","sticky":false,"template":"","format":"standard","meta":{"footnotes":""},"categories":[6],"tags":[],"_links":{"self":[{"href":"https:\/\/diariodigitalmx.com\/index.php\/wp-json\/wp\/v2\/posts\/140581"}],"collection":[{"href":"https:\/\/diariodigitalmx.com\/index.php\/wp-json\/wp\/v2\/posts"}],"about":[{"href":"https:\/\/diariodigitalmx.com\/index.php\/wp-json\/wp\/v2\/types\/post"}],"author":[{"embeddable":true,"href":"https:\/\/diariodigitalmx.com\/index.php\/wp-json\/wp\/v2\/users\/1"}],"replies":[{"embeddable":true,"href":"https:\/\/diariodigitalmx.com\/index.php\/wp-json\/wp\/v2\/comments?post=140581"}],"version-history":[{"count":2,"href":"https:\/\/diariodigitalmx.com\/index.php\/wp-json\/wp\/v2\/posts\/140581\/revisions"}],"predecessor-version":[{"id":140589,"href":"https:\/\/diariodigitalmx.com\/index.php\/wp-json\/wp\/v2\/posts\/140581\/revisions\/140589"}],"wp:featuredmedia":[{"embeddable":true,"href":"https:\/\/diariodigitalmx.com\/index.php\/wp-json\/wp\/v2\/media\/140585"}],"wp:attachment":[{"href":"https:\/\/diariodigitalmx.com\/index.php\/wp-json\/wp\/v2\/media?parent=140581"}],"wp:term":[{"taxonomy":"category","embeddable":true,"href":"https:\/\/diariodigitalmx.com\/index.php\/wp-json\/wp\/v2\/categories?post=140581"},{"taxonomy":"post_tag","embeddable":true,"href":"https:\/\/diariodigitalmx.com\/index.php\/wp-json\/wp\/v2\/tags?post=140581"}],"curies":[{"name":"wp","href":"https:\/\/api.w.org\/{rel}","templated":true}]}}