{"id":140590,"date":"2025-10-11T20:27:39","date_gmt":"2025-10-12T02:27:39","guid":{"rendered":"https:\/\/diariodigitalmx.com\/?p=140590"},"modified":"2025-10-11T20:31:20","modified_gmt":"2025-10-12T02:31:20","slug":"instala-gobierno-de-monterrey-centro-de-acopio-hagamos-la-diferencia-en-apoyo-a-los-afectados-por-las-lluvias-en-veracruz","status":"publish","type":"post","link":"https:\/\/diariodigitalmx.com\/index.php\/2025\/10\/11\/instala-gobierno-de-monterrey-centro-de-acopio-hagamos-la-diferencia-en-apoyo-a-los-afectados-por-las-lluvias-en-veracruz\/","title":{"rendered":"Instala Gobierno de Monterrey centro de acopio \u201cHagamos la Diferencia\u201d en apoyo a los afectados por las lluvias en Veracruz"},"content":{"rendered":"\n<p>El Gobierno de Monterrey, a trav\u00e9s del DIF que preside Gaby Oyervides, instal\u00f3 un centro de acopio para apoyar a las familias de Veracruz que resultaron afectadas por las fuertes lluvias e inundaciones registradas en los \u00faltimos d\u00edas.<\/p>\n\n\n\n<p>El punto de recolecci\u00f3n se encuentra en las oficinas generales del DIF Monterrey, ubicadas en Calle Loma Redonda #1500, Colonia Loma Larga, y estar\u00e1 habilitado a partir de hoy, abierto las 24 horas del d\u00eda, para recibir art\u00edculos de limpieza y alimentos no perecederos.<\/p>\n\n\n\n<p>Puedes apoyar con productos como arroz, frijol, lentejas, az\u00facar, pasta, aceite, at\u00fan, sopas instant\u00e1neas, caf\u00e9, leche en polvo y enlatados, entre otros.<\/p>\n\n\n\n<p>Con esta acci\u00f3n, el Gobierno de Monterrey reafirma su compromiso de solidaridad y apoyo ante las emergencias, demostrando que el DIF municipal siempre est\u00e1 donde m\u00e1s se necesita, y la comunidad regiomontana siempre est\u00e1 lista &nbsp;para&nbsp;tender la&nbsp;mano.<\/p>\n","protected":false},"excerpt":{"rendered":"<p>El Gobierno de Monterrey, a trav\u00e9s del DIF que preside Gaby Oyervides, instal\u00f3 un centro de acopio para apoyar a las familias de Veracruz que resultaron afectadas por las fuertes lluvias e inundaciones registradas en los \u00faltimos d\u00edas. El punto de recolecci\u00f3n se encuentra en las oficinas generales del DIF Monterrey, ubicadas en Calle Loma [&hellip;]<\/p>\n","protected":false},"author":1,"featured_media":140594,"comment_status":"open","ping_status":"open","sticky":false,"template":"","format":"standard","meta":{"footnotes":""},"categories":[14,6],"tags":[],"_links":{"self":[{"href":"https:\/\/diariodigitalmx.com\/index.php\/wp-json\/wp\/v2\/posts\/140590"}],"collection":[{"href":"https:\/\/diariodigitalmx.com\/index.php\/wp-json\/wp\/v2\/posts"}],"about":[{"href":"https:\/\/diariodigitalmx.com\/index.php\/wp-json\/wp\/v2\/types\/post"}],"author":[{"embeddable":true,"href":"https:\/\/diariodigitalmx.com\/index.php\/wp-json\/wp\/v2\/users\/1"}],"replies":[{"embeddable":true,"href":"https:\/\/diariodigitalmx.com\/index.php\/wp-json\/wp\/v2\/comments?post=140590"}],"version-history":[{"count":1,"href":"https:\/\/diariodigitalmx.com\/index.php\/wp-json\/wp\/v2\/posts\/140590\/revisions"}],"predecessor-version":[{"id":140591,"href":"https:\/\/diariodigitalmx.com\/index.php\/wp-json\/wp\/v2\/posts\/140590\/revisions\/140591"}],"wp:featuredmedia":[{"embeddable":true,"href":"https:\/\/diariodigitalmx.com\/index.php\/wp-json\/wp\/v2\/media\/140594"}],"wp:attachment":[{"href":"https:\/\/diariodigitalmx.com\/index.php\/wp-json\/wp\/v2\/media?parent=140590"}],"wp:term":[{"taxonomy":"category","embeddable":true,"href":"https:\/\/diariodigitalmx.com\/index.php\/wp-json\/wp\/v2\/categories?post=140590"},{"taxonomy":"post_tag","embeddable":true,"href":"https:\/\/diariodigitalmx.com\/index.php\/wp-json\/wp\/v2\/tags?post=140590"}],"curies":[{"name":"wp","href":"https:\/\/api.w.org\/{rel}","templated":true}]}}