{"id":140595,"date":"2025-10-12T11:09:33","date_gmt":"2025-10-12T17:09:33","guid":{"rendered":"https:\/\/diariodigitalmx.com\/?p=140595"},"modified":"2025-10-12T11:10:43","modified_gmt":"2025-10-12T17:10:43","slug":"mauricio-fernandez-a-la-luz-del-cine","status":"publish","type":"post","link":"https:\/\/diariodigitalmx.com\/index.php\/2025\/10\/12\/mauricio-fernandez-a-la-luz-del-cine\/","title":{"rendered":"Mauricio Fern\u00e1ndez a la luz del cine"},"content":{"rendered":"\n<p>Gabriel Contreras<br>Emiliano Altuna, Diego Enrique Osorno y Carlos Rosini comparten cr\u00e9ditos en la realizaci\u00f3n de \u201cEl alcalde\u201d, una pel\u00edcula documental que aborda a Mauricio Fern\u00e1ndez como protagonista de una historia compleja e interesante. Fue realizada en 2012.<br>La cuesti\u00f3n de la seguridad y la existencia del llamado \u201cGrupo Rudo\u201d en el Municipio de San Pedro Garza Garc\u00eda, son algunos de los factores de conflicto que movilizan esta historia y la vuelven interesante y atractiva.<br>Ante el reciente deceso de Mauricio Fern\u00e1ndez, ser\u00eda quiz\u00e1s valioso y acertado que esta pel\u00edcula documental se proyectara en un espacio p\u00fablico de San Pedro (como ya ocurri\u00f3 en Orizaba), aderezada con enfoques de an\u00e1lisis por parte de especialistas y expertos tanto en materia f\u00edlmica como en el campo de la pol\u00edtica y la creaci\u00f3n art\u00edstica. Podr\u00eda ser. Dejo aqu\u00ed esta idea. Alguien sabr\u00e1 ponerla en acci\u00f3n.<\/p>\n","protected":false},"excerpt":{"rendered":"<p>Gabriel ContrerasEmiliano Altuna, Diego Enrique Osorno y Carlos Rosini comparten cr\u00e9ditos en la realizaci\u00f3n de \u201cEl alcalde\u201d, una pel\u00edcula documental que aborda a Mauricio Fern\u00e1ndez como protagonista de una historia compleja e interesante. Fue realizada en 2012.La cuesti\u00f3n de la seguridad y la existencia del llamado \u201cGrupo Rudo\u201d en el Municipio de San Pedro Garza [&hellip;]<\/p>\n","protected":false},"author":1,"featured_media":140597,"comment_status":"open","ping_status":"open","sticky":false,"template":"","format":"standard","meta":{"footnotes":""},"categories":[12],"tags":[],"_links":{"self":[{"href":"https:\/\/diariodigitalmx.com\/index.php\/wp-json\/wp\/v2\/posts\/140595"}],"collection":[{"href":"https:\/\/diariodigitalmx.com\/index.php\/wp-json\/wp\/v2\/posts"}],"about":[{"href":"https:\/\/diariodigitalmx.com\/index.php\/wp-json\/wp\/v2\/types\/post"}],"author":[{"embeddable":true,"href":"https:\/\/diariodigitalmx.com\/index.php\/wp-json\/wp\/v2\/users\/1"}],"replies":[{"embeddable":true,"href":"https:\/\/diariodigitalmx.com\/index.php\/wp-json\/wp\/v2\/comments?post=140595"}],"version-history":[{"count":1,"href":"https:\/\/diariodigitalmx.com\/index.php\/wp-json\/wp\/v2\/posts\/140595\/revisions"}],"predecessor-version":[{"id":140596,"href":"https:\/\/diariodigitalmx.com\/index.php\/wp-json\/wp\/v2\/posts\/140595\/revisions\/140596"}],"wp:featuredmedia":[{"embeddable":true,"href":"https:\/\/diariodigitalmx.com\/index.php\/wp-json\/wp\/v2\/media\/140597"}],"wp:attachment":[{"href":"https:\/\/diariodigitalmx.com\/index.php\/wp-json\/wp\/v2\/media?parent=140595"}],"wp:term":[{"taxonomy":"category","embeddable":true,"href":"https:\/\/diariodigitalmx.com\/index.php\/wp-json\/wp\/v2\/categories?post=140595"},{"taxonomy":"post_tag","embeddable":true,"href":"https:\/\/diariodigitalmx.com\/index.php\/wp-json\/wp\/v2\/tags?post=140595"}],"curies":[{"name":"wp","href":"https:\/\/api.w.org\/{rel}","templated":true}]}}