{"id":140668,"date":"2025-10-13T18:38:04","date_gmt":"2025-10-14T00:38:04","guid":{"rendered":"https:\/\/diariodigitalmx.com\/?p=140668"},"modified":"2025-10-13T18:40:56","modified_gmt":"2025-10-14T00:40:56","slug":"cierra-ballet-de-monterrey-con-broche-de-oro-muestra-de-teatro-2025","status":"publish","type":"post","link":"https:\/\/diariodigitalmx.com\/index.php\/2025\/10\/13\/cierra-ballet-de-monterrey-con-broche-de-oro-muestra-de-teatro-2025\/","title":{"rendered":"Cierra Ballet de Monterrey con broche de oro Muestra de Teatro 2025"},"content":{"rendered":"\n<figure class=\"wp-block-image size-large\"><img loading=\"lazy\" decoding=\"async\" width=\"1024\" height=\"683\" src=\"https:\/\/diariodigitalmx.com\/wp-content\/uploads\/2025\/10\/UAV2153-1024x683.jpg\" alt=\"\" class=\"wp-image-140672\" srcset=\"https:\/\/diariodigitalmx.com\/wp-content\/uploads\/2025\/10\/UAV2153-1024x683.jpg 1024w, https:\/\/diariodigitalmx.com\/wp-content\/uploads\/2025\/10\/UAV2153-300x200.jpg 300w, https:\/\/diariodigitalmx.com\/wp-content\/uploads\/2025\/10\/UAV2153-768x512.jpg 768w, https:\/\/diariodigitalmx.com\/wp-content\/uploads\/2025\/10\/UAV2153-1536x1024.jpg 1536w, https:\/\/diariodigitalmx.com\/wp-content\/uploads\/2025\/10\/UAV2153-2048x1365.jpg 2048w\" sizes=\"(max-width: 1024px) 100vw, 1024px\" \/><\/figure>\n\n\n\n<p>Con una presentaci\u00f3n que combin\u00f3 lo cl\u00e1sico y lo contempor\u00e1neo, el Ballet de Monterrey baj\u00f3 con broche de oro el tel\u00f3n de la primera Muestra de Teatro Escobedo 2025, ante un p\u00fablico que aplaudi\u00f3 la gala danc\u00edstica que dio fin a m\u00e1s de una semana de actividades art\u00edsticas.<\/p>\n\n\n\n<p>El Alcalde Andr\u00e9s Mijes encabez\u00f3 esta clausura y, durante su mensaje, entreg\u00f3 un reconocimiento al Director del Ballet de Monterrey, Yosvani Ramos, por los 35 a\u00f1os de trayectoria art\u00edstica de este ensamble de danza cl\u00e1sica que ha llevado el nombre de Nuevo Le\u00f3n a escenarios nacionales e internacionales.<\/p>\n\n\n\n<p>Mijes destac\u00f3 que, en la Capital de la Transformaci\u00f3n en todo Nuevo Le\u00f3n, tal y como lo impulsa la Presidenta Claudia Sheinbaum, la cultura no es un lujo, sino una forma de justicia social y una herramienta de desarrollo humano.<\/p>\n\n\n\n<figure class=\"wp-block-image size-large\"><img loading=\"lazy\" decoding=\"async\" width=\"1024\" height=\"681\" src=\"https:\/\/diariodigitalmx.com\/wp-content\/uploads\/2025\/10\/FOTO-2-1024x681.jpg\" alt=\"\" class=\"wp-image-140673\" srcset=\"https:\/\/diariodigitalmx.com\/wp-content\/uploads\/2025\/10\/FOTO-2-1024x681.jpg 1024w, https:\/\/diariodigitalmx.com\/wp-content\/uploads\/2025\/10\/FOTO-2-300x199.jpg 300w, https:\/\/diariodigitalmx.com\/wp-content\/uploads\/2025\/10\/FOTO-2-768x511.jpg 768w, https:\/\/diariodigitalmx.com\/wp-content\/uploads\/2025\/10\/FOTO-2.jpg 1280w\" sizes=\"(max-width: 1024px) 100vw, 1024px\" \/><\/figure>\n\n\n\n<p>\u201cEl arte no solo se ve, se siente; no solo se admira, se comparte. Y cuando una comunidad puede disfrutar de espect\u00e1culos de alto nivel como este, se fortalece el alma colectiva y se reconstruye el tejido social\u201d, expres\u00f3 el Edil ante los asistentes.<\/p>\n\n\n\n<p>A\u00f1adi\u00f3 que en Escobedo la transformaci\u00f3n tambi\u00e9n necesita arte, porque el arte educa la sensibilidad, despierta vocaciones y recuerda que lo mejor de una ciudad no est\u00e1 solo en sus obras o avenidas, sino en su gente, en su identidad y en su imaginaci\u00f3n.<\/p>\n\n\n\n<figure class=\"wp-block-image size-large\"><img loading=\"lazy\" decoding=\"async\" width=\"988\" height=\"1024\" src=\"https:\/\/diariodigitalmx.com\/wp-content\/uploads\/2025\/10\/UAV2086-988x1024.jpg\" alt=\"\" class=\"wp-image-140674\" srcset=\"https:\/\/diariodigitalmx.com\/wp-content\/uploads\/2025\/10\/UAV2086-988x1024.jpg 988w, https:\/\/diariodigitalmx.com\/wp-content\/uploads\/2025\/10\/UAV2086-289x300.jpg 289w, https:\/\/diariodigitalmx.com\/wp-content\/uploads\/2025\/10\/UAV2086-768x796.jpg 768w, https:\/\/diariodigitalmx.com\/wp-content\/uploads\/2025\/10\/UAV2086-1482x1536.jpg 1482w, https:\/\/diariodigitalmx.com\/wp-content\/uploads\/2025\/10\/UAV2086-1976x2048.jpg 1976w\" sizes=\"(max-width: 988px) 100vw, 988px\" \/><\/figure>\n\n\n\n<p>La velada de clausura estuvo a cargo de un ensamble mixto del Ballet de Monterrey, que deleit\u00f3 al p\u00fablico con fragmentos de piezas emblem\u00e1ticas como Romeo y Julieta y La Primavera de Vivaldi, entre otros n\u00fameros que fusionaron t\u00e9cnica, emoci\u00f3n y elegancia.<\/p>\n\n\n\n<p>Durante la funci\u00f3n, los asistentes pudieron disfrutar de una experiencia esc\u00e9nica que mostr\u00f3 el poder transformador del arte y con la calidad que distingue al Ballet de Monterrey.<\/p>\n\n\n\n<p>La Muestra de Teatro Escobedo 2025 reuni\u00f3 durante m\u00e1s de una semana a compa\u00f1\u00edas locales y nacionales que ofrecieron funciones gratuitas en el Teatro Digital Fidel Vel\u00e1zquez y en la Casa de la Cultura, acercando el arte esc\u00e9nico a miles de familias que encontraron en cada presentaci\u00f3n una oportunidad de encuentro y reflexi\u00f3n.<\/p>\n\n\n\n<p>Con esta clausura, Escobedo reafirma su compromiso con la cultura, la educaci\u00f3n y las artes, fortaleciendo el acceso a experiencias art\u00edsticas de calidad para todos los ciudadanos.<\/p>\n","protected":false},"excerpt":{"rendered":"<p>Con una presentaci\u00f3n que combin\u00f3 lo cl\u00e1sico y lo contempor\u00e1neo, el Ballet de Monterrey baj\u00f3 con broche de oro el tel\u00f3n de la primera Muestra de Teatro Escobedo 2025, ante un p\u00fablico que aplaudi\u00f3 la gala danc\u00edstica que dio fin a m\u00e1s de una semana de actividades art\u00edsticas. El Alcalde Andr\u00e9s Mijes encabez\u00f3 esta clausura [&hellip;]<\/p>\n","protected":false},"author":1,"featured_media":140670,"comment_status":"open","ping_status":"open","sticky":false,"template":"","format":"standard","meta":{"footnotes":""},"categories":[11,5],"tags":[],"_links":{"self":[{"href":"https:\/\/diariodigitalmx.com\/index.php\/wp-json\/wp\/v2\/posts\/140668"}],"collection":[{"href":"https:\/\/diariodigitalmx.com\/index.php\/wp-json\/wp\/v2\/posts"}],"about":[{"href":"https:\/\/diariodigitalmx.com\/index.php\/wp-json\/wp\/v2\/types\/post"}],"author":[{"embeddable":true,"href":"https:\/\/diariodigitalmx.com\/index.php\/wp-json\/wp\/v2\/users\/1"}],"replies":[{"embeddable":true,"href":"https:\/\/diariodigitalmx.com\/index.php\/wp-json\/wp\/v2\/comments?post=140668"}],"version-history":[{"count":2,"href":"https:\/\/diariodigitalmx.com\/index.php\/wp-json\/wp\/v2\/posts\/140668\/revisions"}],"predecessor-version":[{"id":140675,"href":"https:\/\/diariodigitalmx.com\/index.php\/wp-json\/wp\/v2\/posts\/140668\/revisions\/140675"}],"wp:featuredmedia":[{"embeddable":true,"href":"https:\/\/diariodigitalmx.com\/index.php\/wp-json\/wp\/v2\/media\/140670"}],"wp:attachment":[{"href":"https:\/\/diariodigitalmx.com\/index.php\/wp-json\/wp\/v2\/media?parent=140668"}],"wp:term":[{"taxonomy":"category","embeddable":true,"href":"https:\/\/diariodigitalmx.com\/index.php\/wp-json\/wp\/v2\/categories?post=140668"},{"taxonomy":"post_tag","embeddable":true,"href":"https:\/\/diariodigitalmx.com\/index.php\/wp-json\/wp\/v2\/tags?post=140668"}],"curies":[{"name":"wp","href":"https:\/\/api.w.org\/{rel}","templated":true}]}}