{"id":140689,"date":"2025-10-13T22:07:02","date_gmt":"2025-10-14T04:07:02","guid":{"rendered":"https:\/\/diariodigitalmx.com\/?p=140689"},"modified":"2025-10-13T22:08:09","modified_gmt":"2025-10-14T04:08:09","slug":"encabeza-gaby-oyervides-reunion-de-seguimiento-con-encargadas-de-los-dif-municipales","status":"publish","type":"post","link":"https:\/\/diariodigitalmx.com\/index.php\/2025\/10\/13\/encabeza-gaby-oyervides-reunion-de-seguimiento-con-encargadas-de-los-dif-municipales\/","title":{"rendered":"Encabeza Gaby Oyervides reuni\u00f3n de seguimiento con encargadas de los DIF municipales"},"content":{"rendered":"\n<p>A un a\u00f1o de asumir la presidencia del DIF Monterrey, Gaby Oyervides se reuni\u00f3 esta ma\u00f1ana con sus hom\u00f3logas municipales como parte del seguimiento de la agenda que establecieron en su primera reuni\u00f3n de trabajo.<\/p>\n\n\n\n<p>Durante el encuentro, las titulares de los diferentes sistemas DIF de la zona metropolitana y \u00e1rea conurbada compartieron experiencias, resultados y estrategias de los programas implementados durante su primer a\u00f1o de gesti\u00f3n.<\/p>\n\n\n\n<p>La presidenta del DIF Monterrey, acompa\u00f1ada por la directora general del organismo, Ivonne \u00c1lvarez, resalt\u00f3 que este tipo de reuniones tienen como objetivo fortalecer la atenci\u00f3n y los servicios sociales que se brindan a las familias en cada ciudad.<\/p>\n\n\n\n<figure class=\"wp-block-image size-large\"><img loading=\"lazy\" decoding=\"async\" width=\"1024\" height=\"602\" src=\"https:\/\/diariodigitalmx.com\/wp-content\/uploads\/2025\/10\/ENCUENTRO-DIF-2-1024x602.jpeg\" alt=\"\" class=\"wp-image-140692\" srcset=\"https:\/\/diariodigitalmx.com\/wp-content\/uploads\/2025\/10\/ENCUENTRO-DIF-2-1024x602.jpeg 1024w, https:\/\/diariodigitalmx.com\/wp-content\/uploads\/2025\/10\/ENCUENTRO-DIF-2-300x176.jpeg 300w, https:\/\/diariodigitalmx.com\/wp-content\/uploads\/2025\/10\/ENCUENTRO-DIF-2-768x451.jpeg 768w, https:\/\/diariodigitalmx.com\/wp-content\/uploads\/2025\/10\/ENCUENTRO-DIF-2.jpeg 1280w\" sizes=\"(max-width: 1024px) 100vw, 1024px\" \/><\/figure>\n\n\n\n<p>Adem\u00e1s, Oyervides destac\u00f3 la coordinaci\u00f3n que han mantenido durante este primer a\u00f1o de trabajo en temas relacionados con la atenci\u00f3n a ni\u00f1as, ni\u00f1os y adolescentes, personas con discapacidad, adultos mayores, as\u00ed como en los servicios dirigidos a los sectores m\u00e1s vulnerables, entre otros temas.<\/p>\n\n\n\n<p>En la reuni\u00f3n participaron Elisa Cruz, presidenta del DIF San Pedro; Vianey Zambrano, del DIF Apodaca; Olga Villal\u00f3n, del DIF Santiago; Yesica Torres, del DIF Escobedo; Perla Cavazos, del DIF Ci\u00e9nega de Flores; y Paulina Vigil, del DIF Montemorelos.<\/p>\n\n\n\n<p>Tambi\u00e9n acudieron las directoras de los DIF de Garc\u00eda y Santa Catarina y la Secretaria de Familia del municipio de San Nicol\u00e1s de los Garza<\/p>\n","protected":false},"excerpt":{"rendered":"<p>A un a\u00f1o de asumir la presidencia del DIF Monterrey, Gaby Oyervides se reuni\u00f3 esta ma\u00f1ana con sus hom\u00f3logas municipales como parte del seguimiento de la agenda que establecieron en su primera reuni\u00f3n de trabajo. Durante el encuentro, las titulares de los diferentes sistemas DIF de la zona metropolitana y \u00e1rea conurbada compartieron experiencias, resultados [&hellip;]<\/p>\n","protected":false},"author":1,"featured_media":140691,"comment_status":"open","ping_status":"open","sticky":false,"template":"","format":"standard","meta":{"footnotes":""},"categories":[6],"tags":[],"_links":{"self":[{"href":"https:\/\/diariodigitalmx.com\/index.php\/wp-json\/wp\/v2\/posts\/140689"}],"collection":[{"href":"https:\/\/diariodigitalmx.com\/index.php\/wp-json\/wp\/v2\/posts"}],"about":[{"href":"https:\/\/diariodigitalmx.com\/index.php\/wp-json\/wp\/v2\/types\/post"}],"author":[{"embeddable":true,"href":"https:\/\/diariodigitalmx.com\/index.php\/wp-json\/wp\/v2\/users\/1"}],"replies":[{"embeddable":true,"href":"https:\/\/diariodigitalmx.com\/index.php\/wp-json\/wp\/v2\/comments?post=140689"}],"version-history":[{"count":2,"href":"https:\/\/diariodigitalmx.com\/index.php\/wp-json\/wp\/v2\/posts\/140689\/revisions"}],"predecessor-version":[{"id":140693,"href":"https:\/\/diariodigitalmx.com\/index.php\/wp-json\/wp\/v2\/posts\/140689\/revisions\/140693"}],"wp:featuredmedia":[{"embeddable":true,"href":"https:\/\/diariodigitalmx.com\/index.php\/wp-json\/wp\/v2\/media\/140691"}],"wp:attachment":[{"href":"https:\/\/diariodigitalmx.com\/index.php\/wp-json\/wp\/v2\/media?parent=140689"}],"wp:term":[{"taxonomy":"category","embeddable":true,"href":"https:\/\/diariodigitalmx.com\/index.php\/wp-json\/wp\/v2\/categories?post=140689"},{"taxonomy":"post_tag","embeddable":true,"href":"https:\/\/diariodigitalmx.com\/index.php\/wp-json\/wp\/v2\/tags?post=140689"}],"curies":[{"name":"wp","href":"https:\/\/api.w.org\/{rel}","templated":true}]}}