{"id":140694,"date":"2025-10-13T22:45:35","date_gmt":"2025-10-14T04:45:35","guid":{"rendered":"https:\/\/diariodigitalmx.com\/?p=140694"},"modified":"2025-10-13T22:46:40","modified_gmt":"2025-10-14T04:46:40","slug":"cita-congreso-de-nl-al-gobernador-para-que-rinda-su-cuarto-informe","status":"publish","type":"post","link":"https:\/\/diariodigitalmx.com\/index.php\/2025\/10\/13\/cita-congreso-de-nl-al-gobernador-para-que-rinda-su-cuarto-informe\/","title":{"rendered":"Cita Congreso de NL al gobernador para que rinda su cuarto informe"},"content":{"rendered":"\n<p>El Congreso del Estado aprob\u00f3 citar al gobernador del estado, Samuel Alejandro Garc\u00eda Sep\u00falveda, el mi\u00e9rcoles 15 de octubre para que rinda su cuarto informe de gobierno en el recinto legislativo.<\/p>\n\n\n\n<p>La presidenta de la mesa directiva, Itzel Castillo Almanza, hizo uso de la Tribuna para se\u00f1alar que Garc\u00eda Sep\u00falveda deber\u00e1 asistir a la sede del Poder Legislativo &nbsp;a rendir su informe anual en la sesi\u00f3n solemne a celebrarse el pr\u00f3ximo mi\u00e9rcoles a las 11 horas.<\/p>\n\n\n\n<p>En esta sesi\u00f3n, una diputada o diputado de cada uno de los Grupos Legislativos har\u00e1n uso de la palabra para fijar la postura, en torno a las actividades de la administraci\u00f3n estatal y una contestaci\u00f3n por parte de la presidencia del Congreso del Estado.<\/p>\n\n\n\n<p>En su intervenci\u00f3n en la Tribuna. Castillo Almanza destac\u00f3 que la rendici\u00f3n de cuentas constituye uno de los pilares fundamentales del r\u00e9gimen democr\u00e1tico, al ser el mecanismo mediante el cual las autoridades informan, explican y justifican sus decisiones ante la ciudadan\u00eda.<\/p>\n\n\n\n<p>\u201cEn este contexto, el informe anual del Titular del Poder Ejecutivo del Estado representa una oportunidad institucional de gran relevancia, pues se trata de un ejercicio c\u00edvico mediante el cual se expone el estado que guarda la administraci\u00f3n p\u00fablica estatal, se detallan los avances alcanzados, se reconocen los desaf\u00edos persistentes y se trazan las perspectivas para el futuro.<\/p>\n\n\n\n<p>\u201cM\u00e1s all\u00e1 de su car\u00e1cter protocolario, este informe permite al m\u00e1ximo \u00f3rgano de representaci\u00f3n popular, ejercer su funci\u00f3n de contrapeso, analizar el desempe\u00f1o gubernamental, y abrir espacios de di\u00e1logo plural entre las distintas fuerzas pol\u00edticas\u201d, destac\u00f3 la presidenta del Congreso del Estado.<\/p>\n\n\n\n<p>Precis\u00f3 que el art\u00edculo 79 de la Constituci\u00f3n Pol\u00edtica del Estado establece la obligaci\u00f3n del Titular del Poder Ejecutivo de rendir el informe dentro de la primera quincena del mes de octubre, ante el Pleno del Congreso del Estado.<\/p>\n\n\n\n<p>Record\u00f3 que hist\u00f3ricamente el gobernador del estado en turno, con la anticipaci\u00f3n debida solicitaba al Congreso rendir su informe de actividades, pero al&nbsp; no existir una solicitud por parte de Garc\u00eda Sep\u00falveda, las diputadas y diputados lo citaron para que cumpla con el mandato constitucional.<\/p>\n","protected":false},"excerpt":{"rendered":"<p>El Congreso del Estado aprob\u00f3 citar al gobernador del estado, Samuel Alejandro Garc\u00eda Sep\u00falveda, el mi\u00e9rcoles 15 de octubre para que rinda su cuarto informe de gobierno en el recinto legislativo. La presidenta de la mesa directiva, Itzel Castillo Almanza, hizo uso de la Tribuna para se\u00f1alar que Garc\u00eda Sep\u00falveda deber\u00e1 asistir a la sede [&hellip;]<\/p>\n","protected":false},"author":1,"featured_media":140696,"comment_status":"open","ping_status":"open","sticky":false,"template":"","format":"standard","meta":{"footnotes":""},"categories":[6,3,5],"tags":[],"_links":{"self":[{"href":"https:\/\/diariodigitalmx.com\/index.php\/wp-json\/wp\/v2\/posts\/140694"}],"collection":[{"href":"https:\/\/diariodigitalmx.com\/index.php\/wp-json\/wp\/v2\/posts"}],"about":[{"href":"https:\/\/diariodigitalmx.com\/index.php\/wp-json\/wp\/v2\/types\/post"}],"author":[{"embeddable":true,"href":"https:\/\/diariodigitalmx.com\/index.php\/wp-json\/wp\/v2\/users\/1"}],"replies":[{"embeddable":true,"href":"https:\/\/diariodigitalmx.com\/index.php\/wp-json\/wp\/v2\/comments?post=140694"}],"version-history":[{"count":1,"href":"https:\/\/diariodigitalmx.com\/index.php\/wp-json\/wp\/v2\/posts\/140694\/revisions"}],"predecessor-version":[{"id":140695,"href":"https:\/\/diariodigitalmx.com\/index.php\/wp-json\/wp\/v2\/posts\/140694\/revisions\/140695"}],"wp:featuredmedia":[{"embeddable":true,"href":"https:\/\/diariodigitalmx.com\/index.php\/wp-json\/wp\/v2\/media\/140696"}],"wp:attachment":[{"href":"https:\/\/diariodigitalmx.com\/index.php\/wp-json\/wp\/v2\/media?parent=140694"}],"wp:term":[{"taxonomy":"category","embeddable":true,"href":"https:\/\/diariodigitalmx.com\/index.php\/wp-json\/wp\/v2\/categories?post=140694"},{"taxonomy":"post_tag","embeddable":true,"href":"https:\/\/diariodigitalmx.com\/index.php\/wp-json\/wp\/v2\/tags?post=140694"}],"curies":[{"name":"wp","href":"https:\/\/api.w.org\/{rel}","templated":true}]}}