{"id":140762,"date":"2025-10-14T18:27:57","date_gmt":"2025-10-15T00:27:57","guid":{"rendered":"https:\/\/diariodigitalmx.com\/?p=140762"},"modified":"2025-10-14T18:31:42","modified_gmt":"2025-10-15T00:31:42","slug":"exhortan-expertos-a-prevenir-incendios-y-evitar-perdidas-humanas-y-patrimoniales","status":"publish","type":"post","link":"https:\/\/diariodigitalmx.com\/index.php\/2025\/10\/14\/exhortan-expertos-a-prevenir-incendios-y-evitar-perdidas-humanas-y-patrimoniales\/","title":{"rendered":"Exhortan expertos a prevenir incendios y evitar p\u00e9rdidas humanas y patrimoniales"},"content":{"rendered":"\n<figure class=\"wp-block-image size-large\"><img loading=\"lazy\" decoding=\"async\" width=\"1024\" height=\"575\" src=\"https:\/\/diariodigitalmx.com\/wp-content\/uploads\/2025\/10\/IMG-20251014-WA0113-1024x575.jpg\" alt=\"\" class=\"wp-image-140766\" srcset=\"https:\/\/diariodigitalmx.com\/wp-content\/uploads\/2025\/10\/IMG-20251014-WA0113-1024x575.jpg 1024w, https:\/\/diariodigitalmx.com\/wp-content\/uploads\/2025\/10\/IMG-20251014-WA0113-300x168.jpg 300w, https:\/\/diariodigitalmx.com\/wp-content\/uploads\/2025\/10\/IMG-20251014-WA0113-768x431.jpg 768w, https:\/\/diariodigitalmx.com\/wp-content\/uploads\/2025\/10\/IMG-20251014-WA0113.jpg 1364w\" sizes=\"(max-width: 1024px) 100vw, 1024px\" \/><\/figure>\n\n\n\n<p>Uso intensivo de electrodom\u00e9sticos y de movilidad saturan l\u00edneas el\u00e9ctricas y eleva riesgo de incendios en casa habitaci\u00f3n y negocios<\/p>\n\n\n\n<p>Registran Zona metropolitana de Monterrey y NL en \u00faltimo a\u00f1o 23 mil incendios en casas habitaci\u00f3n, comercios, industria, \u00e1reas forestales y veh\u00edculos, un centenar de fallecimientos y altos costos econ\u00f3micos.<\/p>\n\n\n\n<p>Construcciones verticales y ultracrecimiento habitacional complican respuesta inmediata de bomberos y Protecci\u00f3n Civil<\/p>\n\n\n\n<figure class=\"wp-block-image size-large\"><img loading=\"lazy\" decoding=\"async\" width=\"1024\" height=\"575\" src=\"https:\/\/diariodigitalmx.com\/wp-content\/uploads\/2025\/10\/IMG-20251014-WA0109-1024x575.jpg\" alt=\"\" class=\"wp-image-140768\" srcset=\"https:\/\/diariodigitalmx.com\/wp-content\/uploads\/2025\/10\/IMG-20251014-WA0109-1024x575.jpg 1024w, https:\/\/diariodigitalmx.com\/wp-content\/uploads\/2025\/10\/IMG-20251014-WA0109-300x168.jpg 300w, https:\/\/diariodigitalmx.com\/wp-content\/uploads\/2025\/10\/IMG-20251014-WA0109-768x431.jpg 768w, https:\/\/diariodigitalmx.com\/wp-content\/uploads\/2025\/10\/IMG-20251014-WA0109.jpg 1364w\" sizes=\"(max-width: 1024px) 100vw, 1024px\" \/><\/figure>\n\n\n\n<p>Con m\u00e1s 23 mil incendios de diversas magnitudes en los \u00faltimos 12 meses, la zona metropolitana de Monterrey ocupa el segundo lugar a nivel nacional en este tipo de siniestros, con un centenar de fallecimientos y graves p\u00e9rdidas patrimoniales.<\/p>\n\n\n\n<p>David Morales Reinoso, Vicepresidente de AMRACI, se\u00f1al\u00f3 que la mayor\u00eda de estos incidentes se pudieron haber evitado mediante una prevenci\u00f3n apropiada de posibles riesgos y, sobre todo, una capacitaci\u00f3n y educaci\u00f3n apropiadas.<\/p>\n\n\n\n<figure class=\"wp-block-image size-large\"><img loading=\"lazy\" decoding=\"async\" width=\"1024\" height=\"575\" src=\"https:\/\/diariodigitalmx.com\/wp-content\/uploads\/2025\/10\/IMG-20251014-WA0110-1024x575.jpg\" alt=\"\" class=\"wp-image-140771\" srcset=\"https:\/\/diariodigitalmx.com\/wp-content\/uploads\/2025\/10\/IMG-20251014-WA0110-1024x575.jpg 1024w, https:\/\/diariodigitalmx.com\/wp-content\/uploads\/2025\/10\/IMG-20251014-WA0110-300x168.jpg 300w, https:\/\/diariodigitalmx.com\/wp-content\/uploads\/2025\/10\/IMG-20251014-WA0110-768x431.jpg 768w, https:\/\/diariodigitalmx.com\/wp-content\/uploads\/2025\/10\/IMG-20251014-WA0110.jpg 1364w\" sizes=\"(max-width: 1024px) 100vw, 1024px\" \/><\/figure>\n\n\n\n<p>\u201cA diferencia de las inundaciones o terremotos que no se pueden prever, los incendios si, y lamentablemente por parecer hechos aislados unos de otros no se tiene conciencia de que puedan ocurrir y por ello no generamos una cultura de prevenci\u00f3n\u201d, a\u00f1adi\u00f3 en entrevista.<\/p>\n\n\n\n<p>\u201cDe 23 mil 145 incendios, excluyendo los forestales, 147 fueron de gran tama\u00f1o en la industria y grandes empresas, el resto en viviendas, veh\u00edculos, comercios y centros de reuniones sociales.&nbsp; El diagnostico indica que la mayor\u00eda carec\u00eda de medidas preventivas y de equipos para sofocar las llamas y controlarlos\u201d, agreg\u00f3.<\/p>\n\n\n\n<p>El representante de la Asociaci\u00f3n Mexicana de Rociadores Autom\u00e1ticos contra Incendios (AMRACI) anunci\u00f3 la realizaci\u00f3n de la octava Expo Fire and Security a realizarse en Guadalajara, Jalisco del 27 al 29 de octubre con el tema central de Protecci\u00f3n Central para la Industria.<\/p>\n\n\n\n<p>En este encuentro organizado por el Consejo Nacional de Protecci\u00f3n Contra Incendio (CONAPCI) y la Asociaci\u00f3n Mexicana de Rociadores Autom\u00e1ticos Contra Incendios (AMRACI), participaran expertos internacionales y conferecistas, personal de bomberos y de protecci\u00f3n civil de 25 estados de la republca mexicana.<\/p>\n\n\n\n<p>El d\u00eda 27 el gobernador de Jalisco y directivos de la Concamin har\u00e1n la inauguraci\u00f3n formal de la Expo Fire and Safety 2025, que albergar\u00e1 1\u00aa Asamblea Ordinaria de Bomberos Metro Fire M\u00e9xico.<\/p>\n\n\n\n<p>El \u00e1rea de exposici\u00f3n de productos y servicios de la industria de protecci\u00f3n contra incendio ser\u00e1 de 8 mil 700 cuadrados, en donde se realizar\u00e1n evaluaciones diagn\u00f3stico de certificaci\u00f3n de competencias laborales para especialistas de sistemas contra incendio.<\/p>\n\n\n\n<p>Morales indic\u00f3 que tambi\u00e9n se presentar\u00e1 el Museo Itinerante de Prevenci\u00f3n de la Fundaci\u00f3n Michou &amp; Mau, organizaci\u00f3n que atiende a menores de edad victimas de incendios, adem\u00e1s de la presentaci\u00f3n del Programa de Educaci\u00f3n P\u00fablica \u201cAprende a Mantenerte Seguro\u201d para Ni\u00f1os de Primaria con participaci\u00f3n de la SEP y DIF Jalisco.<\/p>\n\n\n\n<p>Se espera una convocatoria de 4 mil personas y visitantes de Costa Rica, Rep\u00fablica Dominicana, Per\u00fa, Brasil, Colombia, Paraguay, Ecuador, Estados Unidos y desde luego de los distintos estados de la rep\u00fablica mexicana.<\/p>\n\n\n\n<p>El eje de Expo Fire &amp; Safety es actualizar las tendencias de prevenci\u00f3n y protecci\u00f3n de los riesgos las industrias con la llegada del Nearshoring: tecnolog\u00edas emergentes como bater\u00edas de litio, almacenamiento, manufactura, edificios altos y centros de datos, privilegiando la seguridad humana y la continuidad de operaciones.<\/p>\n","protected":false},"excerpt":{"rendered":"<p>Uso intensivo de electrodom\u00e9sticos y de movilidad saturan l\u00edneas el\u00e9ctricas y eleva riesgo de incendios en casa habitaci\u00f3n y negocios Registran Zona metropolitana de Monterrey y NL en \u00faltimo a\u00f1o 23 mil incendios en casas habitaci\u00f3n, comercios, industria, \u00e1reas forestales y veh\u00edculos, un centenar de fallecimientos y altos costos econ\u00f3micos. Construcciones verticales y ultracrecimiento habitacional [&hellip;]<\/p>\n","protected":false},"author":1,"featured_media":140764,"comment_status":"open","ping_status":"open","sticky":true,"template":"","format":"standard","meta":{"footnotes":""},"categories":[6],"tags":[],"_links":{"self":[{"href":"https:\/\/diariodigitalmx.com\/index.php\/wp-json\/wp\/v2\/posts\/140762"}],"collection":[{"href":"https:\/\/diariodigitalmx.com\/index.php\/wp-json\/wp\/v2\/posts"}],"about":[{"href":"https:\/\/diariodigitalmx.com\/index.php\/wp-json\/wp\/v2\/types\/post"}],"author":[{"embeddable":true,"href":"https:\/\/diariodigitalmx.com\/index.php\/wp-json\/wp\/v2\/users\/1"}],"replies":[{"embeddable":true,"href":"https:\/\/diariodigitalmx.com\/index.php\/wp-json\/wp\/v2\/comments?post=140762"}],"version-history":[{"count":4,"href":"https:\/\/diariodigitalmx.com\/index.php\/wp-json\/wp\/v2\/posts\/140762\/revisions"}],"predecessor-version":[{"id":140772,"href":"https:\/\/diariodigitalmx.com\/index.php\/wp-json\/wp\/v2\/posts\/140762\/revisions\/140772"}],"wp:featuredmedia":[{"embeddable":true,"href":"https:\/\/diariodigitalmx.com\/index.php\/wp-json\/wp\/v2\/media\/140764"}],"wp:attachment":[{"href":"https:\/\/diariodigitalmx.com\/index.php\/wp-json\/wp\/v2\/media?parent=140762"}],"wp:term":[{"taxonomy":"category","embeddable":true,"href":"https:\/\/diariodigitalmx.com\/index.php\/wp-json\/wp\/v2\/categories?post=140762"},{"taxonomy":"post_tag","embeddable":true,"href":"https:\/\/diariodigitalmx.com\/index.php\/wp-json\/wp\/v2\/tags?post=140762"}],"curies":[{"name":"wp","href":"https:\/\/api.w.org\/{rel}","templated":true}]}}