{"id":140829,"date":"2025-10-15T22:24:32","date_gmt":"2025-10-16T04:24:32","guid":{"rendered":"https:\/\/diariodigitalmx.com\/?p=140829"},"modified":"2025-10-15T22:37:28","modified_gmt":"2025-10-16T04:37:28","slug":"revive-taibo-ii-legado-de-mariano-escobedo-en-feria-internacional-del-libro-monterrey","status":"publish","type":"post","link":"https:\/\/diariodigitalmx.com\/index.php\/2025\/10\/15\/revive-taibo-ii-legado-de-mariano-escobedo-en-feria-internacional-del-libro-monterrey\/","title":{"rendered":"Revive Taibo II legado de Mariano Escobedo en Feria Internacional del Libro Monterrey"},"content":{"rendered":"\n<p>Desde la Feria Internacional del Libro Monterrey, el escritor Paco Ignacio Taibo II enalteci\u00f3 la vida y legado del h\u00e9roe nacional Mariano Antonio Escobedo de la Pe\u00f1a, en un encuentro encabezado por el Alcalde Andr\u00e9s Mijes que mezcl\u00f3 literatura, memoria y patriotismo.<\/p>\n\n\n\n<p>La presentaci\u00f3n del libro \u201cEl General Orej\u00f3n Ese\u201d reuni\u00f3 a decenas de asistentes que escucharon de viva voz al reconocido autor, historiador y tambi\u00e9n Director del Fondo de Cultura Econ\u00f3mica narrar los episodios m\u00e1s trascendentes de quien fue una de las figuras m\u00e1s firmes en la defensa de la Rep\u00fablica y ejemplo de disciplina del norte mexicano.<\/p>\n\n\n\n<figure class=\"wp-block-image size-large\"><img loading=\"lazy\" decoding=\"async\" width=\"1024\" height=\"681\" src=\"https:\/\/diariodigitalmx.com\/wp-content\/uploads\/2025\/10\/5154527858846796717-1024x681.jpg\" alt=\"\" class=\"wp-image-140837\" srcset=\"https:\/\/diariodigitalmx.com\/wp-content\/uploads\/2025\/10\/5154527858846796717-1024x681.jpg 1024w, https:\/\/diariodigitalmx.com\/wp-content\/uploads\/2025\/10\/5154527858846796717-300x199.jpg 300w, https:\/\/diariodigitalmx.com\/wp-content\/uploads\/2025\/10\/5154527858846796717-768x511.jpg 768w, https:\/\/diariodigitalmx.com\/wp-content\/uploads\/2025\/10\/5154527858846796717.jpg 1280w\" sizes=\"(max-width: 1024px) 100vw, 1024px\" \/><\/figure>\n\n\n\n<p>Taibo II, con su estilo apasionado, revivi\u00f3 al General Escobedo no como un personaje distante, sino como un hombre de carne y hueso, lleno de convicciones y amor por su tierra.<\/p>\n\n\n\n<p>En di\u00e1logo con el Alcalde Andr\u00e9s Mijes, ambos coincidieron en que, tal como impulsa la Presidenta Claudia Sheinbaum Pardo, mantener viva la historia es vital para la 4T Norte\u00f1a y hacerlo desde la tierra que vio nacer al General Escobedo, tiene un significado a\u00fan m\u00e1s profundo.<\/p>\n\n\n\n<figure class=\"wp-block-image size-large\"><img loading=\"lazy\" decoding=\"async\" width=\"1024\" height=\"681\" src=\"https:\/\/diariodigitalmx.com\/wp-content\/uploads\/2025\/10\/5154527858846796677-1024x681.jpg\" alt=\"\" class=\"wp-image-140838\" srcset=\"https:\/\/diariodigitalmx.com\/wp-content\/uploads\/2025\/10\/5154527858846796677-1024x681.jpg 1024w, https:\/\/diariodigitalmx.com\/wp-content\/uploads\/2025\/10\/5154527858846796677-300x199.jpg 300w, https:\/\/diariodigitalmx.com\/wp-content\/uploads\/2025\/10\/5154527858846796677-768x511.jpg 768w, https:\/\/diariodigitalmx.com\/wp-content\/uploads\/2025\/10\/5154527858846796677.jpg 1280w\" sizes=\"(max-width: 1024px) 100vw, 1024px\" \/><\/figure>\n\n\n\n<p>\u201cEl General Mariano Escobedo crey\u00f3 que la prosperidad deb\u00eda compartirse y que un gobierno fuerte solo vale si genera bienestar para su gente. Eso, amigas y amigos, es la 4T Norte\u00f1a: nuestra forma de vivir y aplicar la Transformaci\u00f3n desde el norte\u201d, expres\u00f3 Mijes, quien fue ovacionado por el p\u00fablico.<\/p>\n\n\n\n<p>El Alcalde a\u00f1adi\u00f3 que gracias a autores como Taibo, la historia deja de ser un texto olvidado y se convierte en una herramienta viva para entender el presente.<\/p>\n\n\n\n<p>Durante la charla, el escritor comparti\u00f3 detalles de las 101 p\u00e1ginas que conforman su obra, en las que retrata al General Escobedo como un s\u00edmbolo de la tenacidad y el esp\u00edritu c\u00edvico del norte mexicano: un hombre que no pidi\u00f3 permiso para luchar por su patria.<\/p>\n\n\n\n<figure class=\"wp-block-image size-large\"><img loading=\"lazy\" decoding=\"async\" width=\"1024\" height=\"681\" src=\"https:\/\/diariodigitalmx.com\/wp-content\/uploads\/2025\/10\/5154527858846796672-1024x681.jpg\" alt=\"\" class=\"wp-image-140839\" srcset=\"https:\/\/diariodigitalmx.com\/wp-content\/uploads\/2025\/10\/5154527858846796672-1024x681.jpg 1024w, https:\/\/diariodigitalmx.com\/wp-content\/uploads\/2025\/10\/5154527858846796672-300x199.jpg 300w, https:\/\/diariodigitalmx.com\/wp-content\/uploads\/2025\/10\/5154527858846796672-768x511.jpg 768w, https:\/\/diariodigitalmx.com\/wp-content\/uploads\/2025\/10\/5154527858846796672.jpg 1280w\" sizes=\"(max-width: 1024px) 100vw, 1024px\" \/><\/figure>\n\n\n\n<p>Con este evento, Escobedo reafirma su papel como la Capital de la Transformaci\u00f3n, donde la cultura y la historia se entrelazan para construir identidad y justicia social, porque en Escobedo un libro puede abrir m\u00e1s caminos que un decreto y una buena historia puede mover m\u00e1s conciencias que un discurso.<\/p>\n\n\n\n<p>La Feria del Libro contin\u00faa en marcha con actividades que celebran el conocimiento, la literatura y la memoria colectiva y trav\u00e9s de las redes sociales del Municipio de Escobedo se podr\u00e1n conocer las pr\u00f3ximas presentaciones y sorpresas que, al igual que esta, buscan mantener viva la historia.<\/p>\n","protected":false},"excerpt":{"rendered":"<p>Desde la Feria Internacional del Libro Monterrey, el escritor Paco Ignacio Taibo II enalteci\u00f3 la vida y legado del h\u00e9roe nacional Mariano Antonio Escobedo de la Pe\u00f1a, en un encuentro encabezado por el Alcalde Andr\u00e9s Mijes que mezcl\u00f3 literatura, memoria y patriotismo. La presentaci\u00f3n del libro \u201cEl General Orej\u00f3n Ese\u201d reuni\u00f3 a decenas de asistentes [&hellip;]<\/p>\n","protected":false},"author":1,"featured_media":140835,"comment_status":"open","ping_status":"open","sticky":true,"template":"","format":"standard","meta":{"footnotes":""},"categories":[11,14],"tags":[],"_links":{"self":[{"href":"https:\/\/diariodigitalmx.com\/index.php\/wp-json\/wp\/v2\/posts\/140829"}],"collection":[{"href":"https:\/\/diariodigitalmx.com\/index.php\/wp-json\/wp\/v2\/posts"}],"about":[{"href":"https:\/\/diariodigitalmx.com\/index.php\/wp-json\/wp\/v2\/types\/post"}],"author":[{"embeddable":true,"href":"https:\/\/diariodigitalmx.com\/index.php\/wp-json\/wp\/v2\/users\/1"}],"replies":[{"embeddable":true,"href":"https:\/\/diariodigitalmx.com\/index.php\/wp-json\/wp\/v2\/comments?post=140829"}],"version-history":[{"count":2,"href":"https:\/\/diariodigitalmx.com\/index.php\/wp-json\/wp\/v2\/posts\/140829\/revisions"}],"predecessor-version":[{"id":140840,"href":"https:\/\/diariodigitalmx.com\/index.php\/wp-json\/wp\/v2\/posts\/140829\/revisions\/140840"}],"wp:featuredmedia":[{"embeddable":true,"href":"https:\/\/diariodigitalmx.com\/index.php\/wp-json\/wp\/v2\/media\/140835"}],"wp:attachment":[{"href":"https:\/\/diariodigitalmx.com\/index.php\/wp-json\/wp\/v2\/media?parent=140829"}],"wp:term":[{"taxonomy":"category","embeddable":true,"href":"https:\/\/diariodigitalmx.com\/index.php\/wp-json\/wp\/v2\/categories?post=140829"},{"taxonomy":"post_tag","embeddable":true,"href":"https:\/\/diariodigitalmx.com\/index.php\/wp-json\/wp\/v2\/tags?post=140829"}],"curies":[{"name":"wp","href":"https:\/\/api.w.org\/{rel}","templated":true}]}}