{"id":140872,"date":"2025-10-16T18:12:31","date_gmt":"2025-10-17T00:12:31","guid":{"rendered":"https:\/\/diariodigitalmx.com\/?p=140872"},"modified":"2025-10-16T18:15:50","modified_gmt":"2025-10-17T00:15:50","slug":"otra-asociacion-que-busca-registro-politico-dicen-no-quieren-candidaturas","status":"publish","type":"post","link":"https:\/\/diariodigitalmx.com\/index.php\/2025\/10\/16\/otra-asociacion-que-busca-registro-politico-dicen-no-quieren-candidaturas\/","title":{"rendered":"Otra asociaci\u00f3n que busca registro pol\u00edtico: dicen no quieren candidaturas"},"content":{"rendered":"\n<p>Monterrey. &#8211; Afirman que no quieren ser partido pol\u00edtico, pero est\u00e1n dispuestos a apoyar a cualquiera de los partidos que les ofrezcan las mejores posibilidades; un ex directivo de Femsa y un ex diputado priista entre otros, solicitaron el registro de Regio Poder,<strong> Asociaci\u00f3n Pol\u00edtica<\/strong>\u00a0ante el\u00a0<strong>Instituto Estatal Electoral<\/strong>.<\/p>\n\n\n\n<p>Incluso han prometido en primera instancia&nbsp; resolver problemas de movilidad, seguridad y medio ambiente.<\/p>\n\n\n\n<p>De acuerdo al ex diputado federal priista Juan Carlos P\u00e9rez G\u00f3ngora a diferencia de la clase pol\u00edtica actual, que ya est\u00e1 enfocada en la elecci\u00f3n del 2027, ellos como agrupaci\u00f3n se enfocan en resolver los problemas antes citados.<\/p>\n\n\n\n<p>Adem\u00e1s de P\u00e9rez G\u00f3ngora, integran la asociaci\u00f3n, Carlos Salazar Lomel\u00edn, Federico Garza Santos, Andrea Sof\u00eda Garc\u00eda, V\u00edctor Zorrilla y Javier Arteaga Garza Santos asegura que no van a postular candidatos y que buscan identificar liderazgos ciudadanos que participen en la pol\u00edtica.<\/p>\n\n\n\n<p>&#8220;Las agrupaciones pol\u00edticas identifican a los l\u00edderes, no queremos nosotros ser un pol\u00edtico que nada m\u00e1s anda buscando el poder, nosotros lo que queremos es escuchar a la gente, entender sus problemas, tratar de impulsar las soluciones, tratar de que en esta escucha constante a todos los neoloneses podamos realmente solucionar los problemas que tanto nos aquejan&#8221;, mencion\u00f3 Salazar Lomel\u00edn.<\/p>\n\n\n\n<p>El ex director de Fomento Mexicano (Femsa)&nbsp; dice que quieren mayor transparencia, mejores soluciones de salud, de educaci\u00f3n, mejor educaci\u00f3n a las personas para que podamos tener la movilidad social que todos andamos buscando.<\/p>\n\n\n\n<p>&#8220;Nosotros lo que vamos a hacer es juntar a todas estas personas y al final el partido que nos ofrezca las mejores posibilidad, las mejores alianzas, ser\u00e1 el partido que nosotros podremos apoyar&#8221;, adelanta.<\/p>\n\n\n\n<p>Ellos consideran que&nbsp;los pol\u00edticos actuales de todos los partidos le han quedado a deber a la sociedad, de ah\u00ed que quieren que su asociaci\u00f3n sea un semillero de perfiles que busquen participar en pol\u00edtica y aportar soluciones a los problemas que afectan a la comunidad.<\/p>\n\n\n\n<p>Andrea Sof\u00eda&nbsp;Garc\u00eda destaca que se trata de una plataforma de formaci\u00f3n pol\u00edtica que dar\u00e1 cabida a l\u00edderes en los sectores acad\u00e9mico, empresarial, social, entre otros, y agrega, la v\u00eda para incidir en futuras elecciones ser\u00eda apoyando a alg\u00fan partido que postule a estos perfiles o apoyando candidaturas independientes.<\/p>\n","protected":false},"excerpt":{"rendered":"<p>Monterrey. &#8211; Afirman que no quieren ser partido pol\u00edtico, pero est\u00e1n dispuestos a apoyar a cualquiera de los partidos que les ofrezcan las mejores posibilidades; un ex directivo de Femsa y un ex diputado priista entre otros, solicitaron el registro de Regio Poder, Asociaci\u00f3n Pol\u00edtica\u00a0ante el\u00a0Instituto Estatal Electoral. Incluso han prometido en primera instancia&nbsp; resolver [&hellip;]<\/p>\n","protected":false},"author":1,"featured_media":140875,"comment_status":"open","ping_status":"closed","sticky":true,"template":"","format":"standard","meta":{"footnotes":""},"categories":[6,5],"tags":[],"_links":{"self":[{"href":"https:\/\/diariodigitalmx.com\/index.php\/wp-json\/wp\/v2\/posts\/140872"}],"collection":[{"href":"https:\/\/diariodigitalmx.com\/index.php\/wp-json\/wp\/v2\/posts"}],"about":[{"href":"https:\/\/diariodigitalmx.com\/index.php\/wp-json\/wp\/v2\/types\/post"}],"author":[{"embeddable":true,"href":"https:\/\/diariodigitalmx.com\/index.php\/wp-json\/wp\/v2\/users\/1"}],"replies":[{"embeddable":true,"href":"https:\/\/diariodigitalmx.com\/index.php\/wp-json\/wp\/v2\/comments?post=140872"}],"version-history":[{"count":2,"href":"https:\/\/diariodigitalmx.com\/index.php\/wp-json\/wp\/v2\/posts\/140872\/revisions"}],"predecessor-version":[{"id":140874,"href":"https:\/\/diariodigitalmx.com\/index.php\/wp-json\/wp\/v2\/posts\/140872\/revisions\/140874"}],"wp:featuredmedia":[{"embeddable":true,"href":"https:\/\/diariodigitalmx.com\/index.php\/wp-json\/wp\/v2\/media\/140875"}],"wp:attachment":[{"href":"https:\/\/diariodigitalmx.com\/index.php\/wp-json\/wp\/v2\/media?parent=140872"}],"wp:term":[{"taxonomy":"category","embeddable":true,"href":"https:\/\/diariodigitalmx.com\/index.php\/wp-json\/wp\/v2\/categories?post=140872"},{"taxonomy":"post_tag","embeddable":true,"href":"https:\/\/diariodigitalmx.com\/index.php\/wp-json\/wp\/v2\/tags?post=140872"}],"curies":[{"name":"wp","href":"https:\/\/api.w.org\/{rel}","templated":true}]}}