{"id":140878,"date":"2025-10-16T23:05:11","date_gmt":"2025-10-17T05:05:11","guid":{"rendered":"https:\/\/diariodigitalmx.com\/?p=140878"},"modified":"2025-10-16T23:27:33","modified_gmt":"2025-10-17T05:27:33","slug":"es-hector-hugo-salinas-nuevo-titular-de-servicios-publicos-en-monterrey","status":"publish","type":"post","link":"https:\/\/diariodigitalmx.com\/index.php\/2025\/10\/16\/es-hector-hugo-salinas-nuevo-titular-de-servicios-publicos-en-monterrey\/","title":{"rendered":"Es H\u00e9ctor Hugo Salinas, nuevo titular de Servicios P\u00fablicos en Monterrey"},"content":{"rendered":"\n<p>El Gobierno de Monterrey informa que Mayela Quiroga Tamez, quien se ha desempe\u00f1ado como secretaria de Servicios P\u00fablicos desde el inicio de esta administraci\u00f3n municipal y quien cuenta con una amplia trayectoria en el servicio p\u00fablico, habiendo ocupado cargos en los \u00e1mbitos federal, estatal y municipal, as\u00ed como posiciones legislativas en el Congreso de la Uni\u00f3n, tomar\u00e1 una nueva responsabilidad dentro del Municipio de Monterrey, desde donde seguir\u00e1 aportando su experiencia en beneficio de la comunidad regiomontana.&nbsp;<\/p>\n\n\n\n<p>&nbsp;El alcalde Adri\u00e1n de la Garza agradeci\u00f3 y reconoci\u00f3 a Quiroga Tamez por la labor desempe\u00f1ada al frente de la dependencia donde, por medio del programa Monterrey Limpio, se logr\u00f3 la recuperaci\u00f3n de espacios p\u00fablicos en abandono y se impuls\u00f3 un esquema de servicios p\u00fablicos de calidad que permite garantizar el mantenimiento continuo de la ciudad.&nbsp;<\/p>\n\n\n\n<p>Derivado de lo anterior, el alcalde de Monterrey ha designado a H\u00e9ctor Hugo Salinas Cerda como secretario de Servicios P\u00fablicos.&nbsp;<\/p>\n\n\n\n<p>Salinas Cerda se ha desempe\u00f1ado anteriormente como titular de la Secretar\u00eda de Servicios P\u00fablicos de Monterrey, adem\u00e1s de haber ocupado los cargos de Director Operativo de la Zona Poniente y Director Operativo de la Zona Sur dentro de la propia dependencia.&nbsp;<\/p>\n\n\n\n<p>Adicionalmente, durante su trayectoria profesional ha ocupado diversas posiciones relacionadas al desarrollo de infraestructura y construcciones en el sector privado.&nbsp;<\/p>\n\n\n\n<p>&nbsp;La visi\u00f3n de Monterrey con servicios p\u00fablicos de calidad es una de las m\u00e1s altas prioridades trazadas por la administraci\u00f3n que encabeza el alcalde Adri\u00e1n de la Garza, por lo que ha instruido al nuevo secretario de Servicios P\u00fablicos, as\u00ed como a los titulares de las unidades de esta dependencia, mantener y avanzar en las acciones y programas dise\u00f1ados para garantizar una ciudad limpia, funcional y ordenada.&nbsp;&nbsp;<\/p>\n","protected":false},"excerpt":{"rendered":"<p>El Gobierno de Monterrey informa que Mayela Quiroga Tamez, quien se ha desempe\u00f1ado como secretaria de Servicios P\u00fablicos desde el inicio de esta administraci\u00f3n municipal y quien cuenta con una amplia trayectoria en el servicio p\u00fablico, habiendo ocupado cargos en los \u00e1mbitos federal, estatal y municipal, as\u00ed como posiciones legislativas en el Congreso de la [&hellip;]<\/p>\n","protected":false},"author":1,"featured_media":140895,"comment_status":"open","ping_status":"open","sticky":true,"template":"","format":"standard","meta":{"footnotes":""},"categories":[6],"tags":[],"_links":{"self":[{"href":"https:\/\/diariodigitalmx.com\/index.php\/wp-json\/wp\/v2\/posts\/140878"}],"collection":[{"href":"https:\/\/diariodigitalmx.com\/index.php\/wp-json\/wp\/v2\/posts"}],"about":[{"href":"https:\/\/diariodigitalmx.com\/index.php\/wp-json\/wp\/v2\/types\/post"}],"author":[{"embeddable":true,"href":"https:\/\/diariodigitalmx.com\/index.php\/wp-json\/wp\/v2\/users\/1"}],"replies":[{"embeddable":true,"href":"https:\/\/diariodigitalmx.com\/index.php\/wp-json\/wp\/v2\/comments?post=140878"}],"version-history":[{"count":1,"href":"https:\/\/diariodigitalmx.com\/index.php\/wp-json\/wp\/v2\/posts\/140878\/revisions"}],"predecessor-version":[{"id":140879,"href":"https:\/\/diariodigitalmx.com\/index.php\/wp-json\/wp\/v2\/posts\/140878\/revisions\/140879"}],"wp:featuredmedia":[{"embeddable":true,"href":"https:\/\/diariodigitalmx.com\/index.php\/wp-json\/wp\/v2\/media\/140895"}],"wp:attachment":[{"href":"https:\/\/diariodigitalmx.com\/index.php\/wp-json\/wp\/v2\/media?parent=140878"}],"wp:term":[{"taxonomy":"category","embeddable":true,"href":"https:\/\/diariodigitalmx.com\/index.php\/wp-json\/wp\/v2\/categories?post=140878"},{"taxonomy":"post_tag","embeddable":true,"href":"https:\/\/diariodigitalmx.com\/index.php\/wp-json\/wp\/v2\/tags?post=140878"}],"curies":[{"name":"wp","href":"https:\/\/api.w.org\/{rel}","templated":true}]}}